{"id":39663,"date":"2022-04-06T12:09:00","date_gmt":"2022-04-06T17:09:00","guid":{"rendered":"http:\/\/www.zonaroja.com.mx\/?p=39663"},"modified":"2022-04-06T08:10:41","modified_gmt":"2022-04-06T13:10:41","slug":"opinion-revocacion-de-mandato-buena-idea-mal-diseno","status":"publish","type":"post","link":"https:\/\/zonaroja.com.mx\/?p=39663","title":{"rendered":"Opini\u00f3n. Revocaci\u00f3n de mandato: buena idea, mal dise\u00f1o"},"content":{"rendered":"\n<p>Gibr\u00e1n Ram\u00edrez Reyes*<\/p>\n\n\n\n<p>En los reg\u00edmenes parlamentarios existe algo parecido a la ratificaci\u00f3n de mandato, cuando el titular del poder Ejecutivo quiere mostrar su m\u00fasculo, generarse mejores condiciones para gobernar cuando ya tiene cierto desgaste, renovar su legitimidad.&nbsp;<\/p>\n\n\n\n<p>Se llama cuesti\u00f3n de confianza y existe en Espa\u00f1a, Francia e Italia. Como la legitimidad de los presidentes del gobierno o primeros ministros emana del parlamento, son los parlamentarios quienes tienen que decidir si otorgan o no esa confianza a \u201cuna declaraci\u00f3n de pol\u00edtica general\u201d, en consecuencia al mandatario y al horizonte pol\u00edtico que est\u00e9 planteando.&nbsp;<\/p>\n\n\n\n<p>Se trata de un movimiento delicado y el instrumento se usa poco, pues, en caso de no lograr una ratificaci\u00f3n mayoritaria el mandatario debe, por fuerza, presentar su renuncia al cargo.&nbsp;<\/p>\n\n\n\n<p>Es distinto el caso de la moci\u00f3n de censura, la figura equivalente, pero solicitada por la oposici\u00f3n cuando se quiere destituir al gobierno para ir a nuevas elecciones \u2014en este caso equivalente a la revocaci\u00f3n de mandato.&nbsp;<\/p>\n\n\n\n<p>En M\u00e9xico, el dise\u00f1o institucional generado en un principio fue para la revocaci\u00f3n de mandato. Se pens\u00f3 que la figura deber\u00eda ir aparejada a las elecciones intermedias.&nbsp;<\/p>\n\n\n\n<p>De esa manera, si la correlaci\u00f3n de fuerzas pol\u00edticas que encumbr\u00f3 a un presidente cambiara a mitad del camino, el pueblo podr\u00eda decidir que se fuera antes de tiempo y el Congreso escoger\u00eda a uno que pudiera administrar los asuntos del Estado de acuerdo a las nuevas condiciones.&nbsp;<\/p>\n\n\n\n<p>Eso no se logr\u00f3 por dos razones: la primera es que, tras la revolcada de 2018, la oposici\u00f3n ten\u00eda aut\u00e9ntico pavor a enfrentar a AMLO en las urnas; la segunda, que el Presidente no estaba dispuesto a estrenar esa figura en un sexenio posterior y negociar con la oposici\u00f3n que se realizara en ocasi\u00f3n de las intermedias, pero a partir de 2027.&nbsp;<\/p>\n\n\n\n<p>Ni modo: a todos los presidentes les gusta inaugurar cosas. El resultado fue una revocaci\u00f3n desvinculada de las elecciones intermedias, en un limbo temporal. Y, como si esto no fuera suficiente para desvirtuarla, sobrevino tambi\u00e9n un arrepentimiento est\u00e9tico.&nbsp;<\/p>\n\n\n\n<p>Tarde, la mayor\u00eda cay\u00f3 en la cuenta de que, tal y como se hab\u00eda redactado la reforma constitucional, tendr\u00eda que llamarse a votar por un \u201cno\u201d (decir que no se vaya AMLO), y de que la figura de revocaci\u00f3n implicaba constitucionalmente un solo asunto: la decisi\u00f3n sobre retirar o no la confianza al Presidente.<\/p>\n\n\n\n<p>Concluyeron que ambas cosas se ver\u00edan feo y optaron por una soluci\u00f3n intermedia: incorporaron en los hechos una cuesti\u00f3n de confianza y redactaron una complicada pregunta de manera que, por ahora, el dise\u00f1o institucional no sirve para gran cosa y requiere delicadas reformas para tornarse m\u00e1s serio en el futuro.&nbsp;<\/p>\n\n\n\n<p>Podr\u00eda cambiarse para poder convocarse en cualquier momento del sexenio o bien, sincronizarlo, como se pensaba originalmente, con las elecciones intermedias.&nbsp;<\/p>\n\n\n\n<p>En ambos casos podr\u00eda incorporarse la cuesti\u00f3n de confianza, pero tambi\u00e9n con la salvaguarda de que, de no lograrse un cierto resultado, cierta participaci\u00f3n, cierto n\u00famero de votos, el Presidente se ver\u00e1 obligado a presentar su renuncia al cargo. De lo contrario, el ejercicio de medici\u00f3n de m\u00fasculo carece de sentido pol\u00edtico.&nbsp;<\/p>\n\n\n\n<p>*Doctor en ciencia pol\u00edtica por la UNAM.<\/p>\n\n\n\n<p>@gibranrr<\/p>\n","protected":false},"excerpt":{"rendered":"<p>Gibr\u00e1n Ram\u00edrez Reyes* En los reg\u00edmenes parlamentarios existe algo parecido a la ratificaci\u00f3n de mandato,&hellip;<\/p>\n","protected":false},"author":2,"featured_media":24099,"comment_status":"closed","ping_status":"open","sticky":false,"template":"","format":"standard","meta":{"_lmt_disableupdate":"","_lmt_disable":"","_jetpack_memberships_contains_paid_content":false,"footnotes":""},"categories":[456,109],"tags":[2489],"class_list":["post-39663","post","type-post","status-publish","format-standard","has-post-thumbnail","hentry","category-columna","category-minuto-a-minuto","tag-gibran-ramirez-reyes"],"jetpack_featured_media_url":"https:\/\/zonaroja.com.mx\/wp-content\/uploads\/2021\/02\/Gibran-Ramirez-Reyes.jpg","jetpack_sharing_enabled":true,"_links":{"self":[{"href":"https:\/\/zonaroja.com.mx\/index.php?rest_route=\/wp\/v2\/posts\/39663","targetHints":{"allow":["GET"]}}],"collection":[{"href":"https:\/\/zonaroja.com.mx\/index.php?rest_route=\/wp\/v2\/posts"}],"about":[{"href":"https:\/\/zonaroja.com.mx\/index.php?rest_route=\/wp\/v2\/types\/post"}],"author":[{"embeddable":true,"href":"https:\/\/zonaroja.com.mx\/index.php?rest_route=\/wp\/v2\/users\/2"}],"replies":[{"embeddable":true,"href":"https:\/\/zonaroja.com.mx\/index.php?rest_route=%2Fwp%2Fv2%2Fcomments&post=39663"}],"version-history":[{"count":1,"href":"https:\/\/zonaroja.com.mx\/index.php?rest_route=\/wp\/v2\/posts\/39663\/revisions"}],"predecessor-version":[{"id":39664,"href":"https:\/\/zonaroja.com.mx\/index.php?rest_route=\/wp\/v2\/posts\/39663\/revisions\/39664"}],"wp:featuredmedia":[{"embeddable":true,"href":"https:\/\/zonaroja.com.mx\/index.php?rest_route=\/wp\/v2\/media\/24099"}],"wp:attachment":[{"href":"https:\/\/zonaroja.com.mx\/index.php?rest_route=%2Fwp%2Fv2%2Fmedia&parent=39663"}],"wp:term":[{"taxonomy":"category","embeddable":true,"href":"https:\/\/zonaroja.com.mx\/index.php?rest_route=%2Fwp%2Fv2%2Fcategories&post=39663"},{"taxonomy":"post_tag","embeddable":true,"href":"https:\/\/zonaroja.com.mx\/index.php?rest_route=%2Fwp%2Fv2%2Ftags&post=39663"}],"curies":[{"name":"wp","href":"https:\/\/api.w.org\/{rel}","templated":true}]}}