{"id":39665,"date":"2022-04-06T08:13:16","date_gmt":"2022-04-06T13:13:16","guid":{"rendered":"http:\/\/www.zonaroja.com.mx\/?p=39665"},"modified":"2022-04-06T11:04:07","modified_gmt":"2022-04-06T16:04:07","slug":"destaca-sspo-detencion-de-lideres-de-delincuencia-organizada-en-marzo","status":"publish","type":"post","link":"https:\/\/zonaroja.com.mx\/?p=39665","title":{"rendered":"Destaca SSPO detenci\u00f3n de l\u00edderes de delincuencia organizada, en marzo"},"content":{"rendered":"\n<p>Redacci\u00f3n\/Zona Roja.<\/p>\n\n\n\n<p>Oaxaca de Ju\u00e1rez, Oax., 6 de abril de 2022.- Corporaciones polic\u00edacas de la Secretar\u00eda de Seguridad P\u00fablica de Oaxaca (SSPO), aseguraron durante el mes de marzo de 2022, 213 unidades de motor, 57 con reporte de robo, as\u00ed como 30 armas de fuego, 170 municiones y 15 cargadores.<\/p>\n\n\n\n<p>Adem\u00e1s del decomiso de 191 dosis de presunta droga, la detenci\u00f3n de 158 personas por la comisi\u00f3n de diversos delitos.<\/p>\n\n\n\n<p>Entre estas detenciones se destaca, la captura de un presunto jefe de plaza de un grupo delincuencial identificado como M. R. L., alias el \u201cEl Zancudo\u201d que operaba en San Felipe Jalapa de D\u00edaz, municipio de la regi\u00f3n de la Cuenca.<\/p>\n\n\n\n<p>As\u00ed como la detenci\u00f3n en Juchit\u00e1n de Zaragoza en la regi\u00f3n del Istmo de A. T. A., se\u00f1alado como un presunto operador de la banda delictiva conocida como \u00abLos Tlapaneros\u00bb quien ten\u00eda una orden de aprehensi\u00f3n por el delito de desaparici\u00f3n forzada, asociaci\u00f3n delictiva, homicidios, entre otros.<\/p>\n\n\n\n<p>Otras de las detenciones relevantes fue la de M. J. A., acusado de ser uno de los principales generadores de violencia en dicha regi\u00f3n; se le relaciona con la ejecuci\u00f3n de cuatro integrantes de una familia.<\/p>\n\n\n\n<p>Estas detenciones y aseguramientos, inform\u00f3 la SSPO son parte de los dos mil 978 operativos conjuntos y 4 mil 125 recorridos de seguridad y vigilancia, que realizaron en todo el estado elementos de la Polic\u00eda Estatal, Polic\u00eda Vial Estatal y Polic\u00eda Auxiliar Bancaria, Industrial y Comercial (Pabic) en coordinaci\u00f3n con fuerzas de seguridad de la Fiscal\u00eda General del Estado, Sedena y Guardia Nacional.<\/p>\n","protected":false},"excerpt":{"rendered":"<p>Redacci\u00f3n\/Zona Roja. Oaxaca de Ju\u00e1rez, Oax., 6 de abril de 2022.- Corporaciones polic\u00edacas de la&hellip;<\/p>\n","protected":false},"author":2,"featured_media":39667,"comment_status":"closed","ping_status":"open","sticky":false,"template":"","format":"standard","meta":{"_lmt_disableupdate":"","_lmt_disable":"","_jetpack_memberships_contains_paid_content":false,"footnotes":""},"categories":[109,46],"tags":[1421],"class_list":["post-39665","post","type-post","status-publish","format-standard","has-post-thumbnail","hentry","category-minuto-a-minuto","category-zona-blanca","tag-secretaria-de-seguridad-publica-de-oaxaca-sspo"],"jetpack_featured_media_url":"https:\/\/zonaroja.com.mx\/wp-content\/uploads\/2022\/04\/19e42fc2-ae97-4711-8232-eee375863437.jpg","jetpack_sharing_enabled":true,"_links":{"self":[{"href":"https:\/\/zonaroja.com.mx\/index.php?rest_route=\/wp\/v2\/posts\/39665","targetHints":{"allow":["GET"]}}],"collection":[{"href":"https:\/\/zonaroja.com.mx\/index.php?rest_route=\/wp\/v2\/posts"}],"about":[{"href":"https:\/\/zonaroja.com.mx\/index.php?rest_route=\/wp\/v2\/types\/post"}],"author":[{"embeddable":true,"href":"https:\/\/zonaroja.com.mx\/index.php?rest_route=\/wp\/v2\/users\/2"}],"replies":[{"embeddable":true,"href":"https:\/\/zonaroja.com.mx\/index.php?rest_route=%2Fwp%2Fv2%2Fcomments&post=39665"}],"version-history":[{"count":1,"href":"https:\/\/zonaroja.com.mx\/index.php?rest_route=\/wp\/v2\/posts\/39665\/revisions"}],"predecessor-version":[{"id":39666,"href":"https:\/\/zonaroja.com.mx\/index.php?rest_route=\/wp\/v2\/posts\/39665\/revisions\/39666"}],"wp:featuredmedia":[{"embeddable":true,"href":"https:\/\/zonaroja.com.mx\/index.php?rest_route=\/wp\/v2\/media\/39667"}],"wp:attachment":[{"href":"https:\/\/zonaroja.com.mx\/index.php?rest_route=%2Fwp%2Fv2%2Fmedia&parent=39665"}],"wp:term":[{"taxonomy":"category","embeddable":true,"href":"https:\/\/zonaroja.com.mx\/index.php?rest_route=%2Fwp%2Fv2%2Fcategories&post=39665"},{"taxonomy":"post_tag","embeddable":true,"href":"https:\/\/zonaroja.com.mx\/index.php?rest_route=%2Fwp%2Fv2%2Ftags&post=39665"}],"curies":[{"name":"wp","href":"https:\/\/api.w.org\/{rel}","templated":true}]}}