{"id":39669,"date":"2022-04-06T15:58:16","date_gmt":"2022-04-06T20:58:16","guid":{"rendered":"http:\/\/www.zonaroja.com.mx\/?p=39669"},"modified":"2022-04-06T15:58:18","modified_gmt":"2022-04-06T20:58:18","slug":"aumenta-crisis-en-hospital-civil-a-finales-del-sexenio-reiteran-no-a-posible-traslado","status":"publish","type":"post","link":"https:\/\/zonaroja.com.mx\/?p=39669","title":{"rendered":"Aumenta crisis en Hospital Civil a finales del sexenio; reiteran no a posible traslado"},"content":{"rendered":"\n<p>Yuridiana Sosa\/Zona Roja.<\/p>\n\n\n\n<p>Oaxaca de Ju\u00e1rez, Oax., 6 de abril de 2022.- En medio de una crisis financiera en aumento dentro del Hospital Civil \u201cDr. Aurelio Valdivieso\u201d, que mantienen sin insumos, equipos e infraestructura adecuada, surgi\u00f3 la pol\u00e9mica incertidumbre laboral sobre el presunto traslado al Hospital de la Mujer, a menos de un a\u00f1o de concluir el sexenio actual, para una reconstrucci\u00f3n del nosocomio, a lo cual se oponen por la falta de certeza en el proyecto.<\/p>\n\n\n\n<p>En conferencia de prensa, sindicalizados expusieron que en una reuni\u00f3n con el gobernador Alejandro Murat Hinojosa, en la que expresaban las diversas carencias, entre ellas las de la infraestructura, el Gobierno del Estado propuso un traslado provisional de seis meses al Hospital de la Mujer y el Ni\u00f1o Oaxaque\u00f1o, en Reyes Mantec\u00f3n en San Bartolo Coyotepec, supuestamente para una remodelaci\u00f3n.<\/p>\n\n\n\n<p>Integrantes de la Subsecci\u00f3n 07 de la Secci\u00f3n 35 del Sindicato Nacional de Trabajadores de Salud (SNTSA), manifestaron su rechazo a la propuesta, principalmente porque no existen recursos autorizados para una obra de sustituci\u00f3n del nosocomio, en la cual debe intervenir el gobierno federal.<\/p>\n\n\n\n<p>El secretario de Organizaci\u00f3n de la Secci\u00f3n 35 del SNTSA, Carlos Alberto P\u00e9rez Bautista, destac\u00f3 que la propuesta no se present\u00f3 de forma oficial ante la Secretar\u00eda General de este gremio, por lo que desconocen sobre un proyecto integral que garantice las condiciones para laborara en un hospital que adem\u00e1s de su lejan\u00eda es m\u00e1s peque\u00f1o en n\u00famero de camas.<\/p>\n\n\n\n<figure class=\"wp-block-embed is-type-rich is-provider-twitter wp-block-embed-twitter\"><div class=\"wp-block-embed__wrapper\">\n<div class=\"twitter-tweet\"><blockquote class=\"twitter-tweet\" data-lang=\"es\"><p lang=\"es\" dir=\"ltr\"><a href=\"https:\/\/twitter.com\/hashtag\/ENVIVO?src=hash&amp;ref_src=twsrc%5Etfw\">#ENVIVO<\/a><br>Oaxaca de Ju\u00e1rez, Oax., 6 de abril de 2022.- Conferencia de prensa de trabajadores de salud del Hospital Civil \u201cDr. Aurelio Valdivieso\u201d, dependiente de los Servicios de Salud de Oaxaca (<a href=\"https:\/\/twitter.com\/SSO_GobOax?ref_src=twsrc%5Etfw\">@SSO_GobOax<\/a>).<br>Siga aqu\u00ed la transmisi\u00f3n:<br>\ud83d\udc47<a href=\"https:\/\/t.co\/CUR0NGAzMq\">https:\/\/t.co\/CUR0NGAzMq<\/a> <a href=\"https:\/\/t.co\/CmNkPsAfaT\">pic.twitter.com\/CmNkPsAfaT<\/a><\/p>&mdash; Zona Roja Oaxaca (@ZonaRoja_Oaxaca) <a href=\"https:\/\/twitter.com\/ZonaRoja_Oaxaca\/status\/1511711126291165187?ref_src=twsrc%5Etfw\">6 de abril de 2022<\/a><\/blockquote><\/div>\n<\/div><\/figure>\n\n\n\n<p>Para intervenir el Hospital Civil con una remodelaci\u00f3n, consideraron que es corto el tiempo que tiene el Gobierno del Estado para acabarla, pues tampoco tienen conocimiento de la disposici\u00f3n de recursos para su ejecuci\u00f3n.<\/p>\n\n\n\n<p>Pero si se trata de una sustituci\u00f3n, que contempla la ampliaci\u00f3n a 320 camas como requiere la demanda de atenci\u00f3n, es el gobierno federal quien debe intervenir por medio de la Direcci\u00f3n General de Planeaci\u00f3n y Desarrollo en Salud (DGplades)y Direcci\u00f3n General de promoci\u00f3n de la Salud (DGPS), sin embargo no hay recursos autorizados por estas dependencias, se\u00f1al\u00f3 el l\u00edder sindical.<\/p>\n\n\n\n<p>En 2013, el Hospital Civil present\u00f3 al gobierno de M\u00e9xico un proyecto de sustituci\u00f3n o reconstrucci\u00f3n, para lo cual asisti\u00f3 al nosocomio personal federal y posteriormente se inform\u00f3 que los recursos fueron autorizados, pero estos nunca se aplicaron, \u201cdesaparecieron\u201d, detallaron.<\/p>\n\n\n\n<p>Ante esa situaci\u00f3n y desde ese entonces no se ha logrado que estas instancias autoricen una vez m\u00e1s dinero para el proyecto, por lo que ven inviable la propuesta que el gobierno estatal present\u00f3 a menos de un a\u00f1o terminar el sexenio.<\/p>\n\n\n\n<p>El Hospital Civil \u201cDr. Aurelio Valdivieso\u201d contin\u00faa con carencias importantes hasta la fecha, por las que no se pueden realizar servicios \u00f3ptimos en \u00e1reas importantes como Rayos \u201cX\u201d, laboratorio, consulta externa, entre entras, as\u00ed como trabajan pr\u00e1cticamente hacinados en 270 camas, entre censables y no censables.<\/p>\n","protected":false},"excerpt":{"rendered":"<p>Yuridiana Sosa\/Zona Roja. Oaxaca de Ju\u00e1rez, Oax., 6 de abril de 2022.- En medio de&hellip;<\/p>\n","protected":false},"author":2,"featured_media":39670,"comment_status":"closed","ping_status":"open","sticky":false,"template":"","format":"standard","meta":{"_lmt_disableupdate":"","_lmt_disable":"","_jetpack_memberships_contains_paid_content":false,"footnotes":""},"categories":[109,47],"tags":[781],"class_list":["post-39669","post","type-post","status-publish","format-standard","has-post-thumbnail","hentry","category-minuto-a-minuto","category-zona-gris","tag-hospital-civil-dr-aurelio-valdivieso-de-oaxaca"],"jetpack_featured_media_url":"https:\/\/zonaroja.com.mx\/wp-content\/uploads\/2022\/04\/Quejas-denuncias-conferencia-Hospital-Civil.jpg","jetpack_sharing_enabled":true,"_links":{"self":[{"href":"https:\/\/zonaroja.com.mx\/index.php?rest_route=\/wp\/v2\/posts\/39669","targetHints":{"allow":["GET"]}}],"collection":[{"href":"https:\/\/zonaroja.com.mx\/index.php?rest_route=\/wp\/v2\/posts"}],"about":[{"href":"https:\/\/zonaroja.com.mx\/index.php?rest_route=\/wp\/v2\/types\/post"}],"author":[{"embeddable":true,"href":"https:\/\/zonaroja.com.mx\/index.php?rest_route=\/wp\/v2\/users\/2"}],"replies":[{"embeddable":true,"href":"https:\/\/zonaroja.com.mx\/index.php?rest_route=%2Fwp%2Fv2%2Fcomments&post=39669"}],"version-history":[{"count":1,"href":"https:\/\/zonaroja.com.mx\/index.php?rest_route=\/wp\/v2\/posts\/39669\/revisions"}],"predecessor-version":[{"id":39671,"href":"https:\/\/zonaroja.com.mx\/index.php?rest_route=\/wp\/v2\/posts\/39669\/revisions\/39671"}],"wp:featuredmedia":[{"embeddable":true,"href":"https:\/\/zonaroja.com.mx\/index.php?rest_route=\/wp\/v2\/media\/39670"}],"wp:attachment":[{"href":"https:\/\/zonaroja.com.mx\/index.php?rest_route=%2Fwp%2Fv2%2Fmedia&parent=39669"}],"wp:term":[{"taxonomy":"category","embeddable":true,"href":"https:\/\/zonaroja.com.mx\/index.php?rest_route=%2Fwp%2Fv2%2Fcategories&post=39669"},{"taxonomy":"post_tag","embeddable":true,"href":"https:\/\/zonaroja.com.mx\/index.php?rest_route=%2Fwp%2Fv2%2Ftags&post=39669"}],"curies":[{"name":"wp","href":"https:\/\/api.w.org\/{rel}","templated":true}]}}