{"id":39672,"date":"2022-04-06T16:15:28","date_gmt":"2022-04-06T21:15:28","guid":{"rendered":"http:\/\/www.zonaroja.com.mx\/?p=39672"},"modified":"2022-04-06T16:15:30","modified_gmt":"2022-04-06T21:15:30","slug":"irrumpen-ambientalistas-en-palacio-municipal-de-oaxaca-ante-inoperancia","status":"publish","type":"post","link":"https:\/\/zonaroja.com.mx\/?p=39672","title":{"rendered":"Irrumpen ambientalistas en palacio municipal de Oaxaca, ante inoperancia"},"content":{"rendered":"\n<p>Yuridiana Sosa\/Zona Roja.<\/p>\n\n\n\n<p>Oaxaca de Ju\u00e1rez, Oax., 6 de abril de 2022.- Integrantes del Colectivo de Organizaciones Ambientalistas de Oaxaca (COAO) irrumpieron en palacio municipal de la Oaxaca de Ju\u00e1rez, para manifestarse y denunciar la ausencia de la autoridad a favor del medio ambiente en la capital.<\/p>\n\n\n\n<p>En lo que fue una segunda protesta del d\u00eda en la llamada \u201cla casa del pueblo\u201d, los defensores ambientalistas ingresaron al inmueble y depositaron ramas de \u00e1rboles con plagas en la oficina del regidor de Medio Ambiente y Cambio Clim\u00e1tico, Jes\u00fas Joaqu\u00edn Galguera G\u00f3mez, quien a m\u00e1s de cuatro meses de iniciado la administraci\u00f3n, no se ha reunido con este gremio, ni tampoco ha impulsado trabajos para mejorar las condiciones actuales en la capital en esta materia.<\/p>\n\n\n\n<p>Son los propios grupos de ambientalistas quienes han realizado labores para tratar de salvar la vida de \u00e1rboles de distintas especies en el Centro Hist\u00f3rico de la ciudad, pero se\u00f1alaron que es urgente que la autoridad intervenga.<\/p>\n\n\n\n<figure class=\"wp-block-embed is-type-rich is-provider-twitter wp-block-embed-twitter\"><div class=\"wp-block-embed__wrapper\">\n<div class=\"twitter-tweet\"><blockquote class=\"twitter-tweet\" data-lang=\"es\"><p lang=\"es\" dir=\"ltr\"><a href=\"https:\/\/twitter.com\/hashtag\/%C3%9AltimoMinuto?src=hash&amp;ref_src=twsrc%5Etfw\">#\u00daltimoMinuto<\/a> <br>Una segunda protesta este mi\u00e9rcoles contra el edil del <a href=\"https:\/\/twitter.com\/MunicipioOaxaca?ref_src=twsrc%5Etfw\">@MunicipioOaxaca<\/a>, <a href=\"https:\/\/twitter.com\/FMartinezNeri?ref_src=twsrc%5Etfw\">@FMartinezNeri<\/a>, ahora por parte de ambientalistas del <a href=\"https:\/\/twitter.com\/COAOAmbiental?ref_src=twsrc%5Etfw\">@COAOAmbiental<\/a>, que denuncian nulas acciones para proteger los recursos naturales en la capital. <a href=\"https:\/\/t.co\/DaVLrCThTW\">pic.twitter.com\/DaVLrCThTW<\/a><\/p>&mdash; Zona Roja Oaxaca (@ZonaRoja_Oaxaca) <a href=\"https:\/\/twitter.com\/ZonaRoja_Oaxaca\/status\/1511734347904262152?ref_src=twsrc%5Etfw\">6 de abril de 2022<\/a><\/blockquote><\/div>\n<\/div><\/figure>\n\n\n\n<p>El dirigente del Colectivo, Nasario Garc\u00eda Ram\u00edrez, apunt\u00f3 que por cuenta propia han logrado el retiro de la plaga de mu\u00e9rdago del 50 por ciento de los \u00e1rboles en el parque Ju\u00e1rez \u201cEl Llano\u201d mientras que las autoridades municipales no se han interesado en brindar tratamiento, tanto en la pasada como en la presente administraci\u00f3n.<\/p>\n\n\n\n<p>Dicha plaga, como otras que han detectado, es invasiva y nociva para las especies, detectando afectaciones en ejemplares del parques y jardines como Labastida, S\u00f3crates, en la calle de Abasolo, Conzatti, en pleno Centro Hist\u00f3rico de la capital y los cuales al secarse y morir pueden caer en cualquier momento.<\/p>\n\n\n\n<p>Los ambientalistas condenaron que el regidor de Medio Ambiente a\u00fan no haya emitido ninguna propuesta de trabajo durante las sesiones de Cabildo, por lo que consideran que no hay preocupaci\u00f3n en este \u00e1mbito.<\/p>\n","protected":false},"excerpt":{"rendered":"<p>Yuridiana Sosa\/Zona Roja. Oaxaca de Ju\u00e1rez, Oax., 6 de abril de 2022.- Integrantes del Colectivo&hellip;<\/p>\n","protected":false},"author":2,"featured_media":39673,"comment_status":"closed","ping_status":"open","sticky":false,"template":"","format":"standard","meta":{"_lmt_disableupdate":"","_lmt_disable":"","_jetpack_memberships_contains_paid_content":false,"footnotes":""},"categories":[109,47],"tags":[148],"class_list":["post-39672","post","type-post","status-publish","format-standard","has-post-thumbnail","hentry","category-minuto-a-minuto","category-zona-gris","tag-oaxaca-de-juarez"],"jetpack_featured_media_url":"https:\/\/zonaroja.com.mx\/wp-content\/uploads\/2022\/04\/Ambientalistas-palacio-municipal.jpg","jetpack_sharing_enabled":true,"_links":{"self":[{"href":"https:\/\/zonaroja.com.mx\/index.php?rest_route=\/wp\/v2\/posts\/39672","targetHints":{"allow":["GET"]}}],"collection":[{"href":"https:\/\/zonaroja.com.mx\/index.php?rest_route=\/wp\/v2\/posts"}],"about":[{"href":"https:\/\/zonaroja.com.mx\/index.php?rest_route=\/wp\/v2\/types\/post"}],"author":[{"embeddable":true,"href":"https:\/\/zonaroja.com.mx\/index.php?rest_route=\/wp\/v2\/users\/2"}],"replies":[{"embeddable":true,"href":"https:\/\/zonaroja.com.mx\/index.php?rest_route=%2Fwp%2Fv2%2Fcomments&post=39672"}],"version-history":[{"count":1,"href":"https:\/\/zonaroja.com.mx\/index.php?rest_route=\/wp\/v2\/posts\/39672\/revisions"}],"predecessor-version":[{"id":39674,"href":"https:\/\/zonaroja.com.mx\/index.php?rest_route=\/wp\/v2\/posts\/39672\/revisions\/39674"}],"wp:featuredmedia":[{"embeddable":true,"href":"https:\/\/zonaroja.com.mx\/index.php?rest_route=\/wp\/v2\/media\/39673"}],"wp:attachment":[{"href":"https:\/\/zonaroja.com.mx\/index.php?rest_route=%2Fwp%2Fv2%2Fmedia&parent=39672"}],"wp:term":[{"taxonomy":"category","embeddable":true,"href":"https:\/\/zonaroja.com.mx\/index.php?rest_route=%2Fwp%2Fv2%2Fcategories&post=39672"},{"taxonomy":"post_tag","embeddable":true,"href":"https:\/\/zonaroja.com.mx\/index.php?rest_route=%2Fwp%2Fv2%2Ftags&post=39672"}],"curies":[{"name":"wp","href":"https:\/\/api.w.org\/{rel}","templated":true}]}}