{"id":39675,"date":"2022-04-06T16:24:38","date_gmt":"2022-04-06T21:24:38","guid":{"rendered":"http:\/\/www.zonaroja.com.mx\/?p=39675"},"modified":"2022-04-06T16:24:40","modified_gmt":"2022-04-06T21:24:40","slug":"reclaman-a-martinez-neri-restricciones-a-cocineras-tradicionales","status":"publish","type":"post","link":"https:\/\/zonaroja.com.mx\/?p=39675","title":{"rendered":"Reclaman a Mart\u00ednez Neri restricciones a cocineras tradicionales"},"content":{"rendered":"\n<p>Yuridiana Sosa\/Zona Roja.<\/p>\n\n\n\n<p>Oaxaca de Ju\u00e1rez, Oax., 6 de abril de 2022.- Cocineras tradicionales de puestos fijos y semifijos en el Centro Hist\u00f3rico de Oaxaca, denunciaron el desd\u00e9n que han sufrido por parte del gobierno municipal de Francisco Mart\u00ednez Neri, para vender todos los d\u00edas como se\u00f1alan sus permisos.<\/p>\n\n\n\n<p>Respaldadas por la Red de Mujeres para una Vida libre de Violencia (Remuvi), las afectadas se manifestaron frente al palacio municipal de Oaxaca de Ju\u00e1rez, en Plaza de la Danza, para dar a conocer las violaciones a sus derechos por parte de la admiraci\u00f3n municipal actual.<\/p>\n\n\n\n<p>Apuntaron que contrario a otras autoridades de la capital, la actual les ha negado vender los d\u00edas mi\u00e9rcoles bajo el argumento de la aplicaci\u00f3n del programa \u201cMi\u00e9rcoles sin ambulantes\u201d.<\/p>\n\n\n\n<figure class=\"wp-block-embed is-type-rich is-provider-twitter wp-block-embed-twitter\"><div class=\"wp-block-embed__wrapper\">\n<div class=\"twitter-tweet\"><blockquote class=\"twitter-tweet\" data-lang=\"es\"><p lang=\"es\" dir=\"ltr\"><a href=\"https:\/\/twitter.com\/hashtag\/ENVIVO?src=hash&amp;ref_src=twsrc%5Etfw\">#ENVIVO<\/a><br>Oaxaca de Ju\u00e1rez, Oax.. 6 de abril de 2022.- Red de Mujeres para una Vida libre de Volencia se (<a href=\"https:\/\/twitter.com\/RedRemuvi?ref_src=twsrc%5Etfw\">@RedRemuvi<\/a>), denuncia exclusi\u00f3n y desd\u00e9n del edil <a href=\"https:\/\/twitter.com\/FMartinezNeri?ref_src=twsrc%5Etfw\">@FMartinezNeri<\/a> ayuntamiento de Oaxaca de Ju\u00e1rez contra cocineras tradicionales.<br><br>Transmisi\u00f3n aqu\u00ed:<br>\ud83d\udc47<a href=\"https:\/\/t.co\/yU45Nihlr1\">https:\/\/t.co\/yU45Nihlr1<\/a> <a href=\"https:\/\/t.co\/lUr73FwDXj\">pic.twitter.com\/lUr73FwDXj<\/a><\/p>&mdash; Zona Roja Oaxaca (@ZonaRoja_Oaxaca) <a href=\"https:\/\/twitter.com\/ZonaRoja_Oaxaca\/status\/1511720424194945031?ref_src=twsrc%5Etfw\">6 de abril de 2022<\/a><\/blockquote><\/div>\n<\/div><\/figure>\n\n\n\n<p>Destacaron que la autoridad encabezada por el morenista Mart\u00ednez Neri les ha negado el di\u00e1logo en dos ocasiones para abordar este tema, pues la restricci\u00f3n afecta a m\u00e1s de 40 familias que dependen de la actividad.<\/p>\n\n\n\n<p>Adem\u00e1s, se\u00f1alaron que las autoridades tampoco les han querido recibir los cobros para el pago de la revalidaci\u00f3n o actualizaci\u00f3n de sus permisos a pesar de solicitarlo en varias ocasiones con el fin de no ser retiradas de sus puestos de trabajo.<\/p>\n\n\n\n<p>Son ocho cocineras, con mismo n\u00famero de permisos, que se ubican en la primera y segunda calles de Las Casas \u2014de los que dependen m\u00e1s de 40 familias\u2014 que cuentan con permisos para laborar de lunes a domingo, por las tardes y noches, con la venta de cenas, entre las que destacan tlayudas, tacos y pozole.<\/p>\n\n\n\n<p>\u201cSomos -los comerciantes de la gastronom\u00eda- los que hacemos frente al turismo nacional e internacional\u201d, apuntan las cocineras, quienes cuentan con varias d\u00e9cadas en este oficio.&nbsp;<\/p>\n","protected":false},"excerpt":{"rendered":"<p>Yuridiana Sosa\/Zona Roja. Oaxaca de Ju\u00e1rez, Oax., 6 de abril de 2022.- Cocineras tradicionales de&hellip;<\/p>\n","protected":false},"author":2,"featured_media":39676,"comment_status":"closed","ping_status":"open","sticky":false,"template":"","format":"standard","meta":{"_lmt_disableupdate":"","_lmt_disable":"","_jetpack_memberships_contains_paid_content":false,"footnotes":""},"categories":[109,46],"tags":[148],"class_list":["post-39675","post","type-post","status-publish","format-standard","has-post-thumbnail","hentry","category-minuto-a-minuto","category-zona-blanca","tag-oaxaca-de-juarez"],"jetpack_featured_media_url":"https:\/\/zonaroja.com.mx\/wp-content\/uploads\/2022\/04\/Protesta-feministas-palacio-municipal.jpg","jetpack_sharing_enabled":true,"_links":{"self":[{"href":"https:\/\/zonaroja.com.mx\/index.php?rest_route=\/wp\/v2\/posts\/39675","targetHints":{"allow":["GET"]}}],"collection":[{"href":"https:\/\/zonaroja.com.mx\/index.php?rest_route=\/wp\/v2\/posts"}],"about":[{"href":"https:\/\/zonaroja.com.mx\/index.php?rest_route=\/wp\/v2\/types\/post"}],"author":[{"embeddable":true,"href":"https:\/\/zonaroja.com.mx\/index.php?rest_route=\/wp\/v2\/users\/2"}],"replies":[{"embeddable":true,"href":"https:\/\/zonaroja.com.mx\/index.php?rest_route=%2Fwp%2Fv2%2Fcomments&post=39675"}],"version-history":[{"count":1,"href":"https:\/\/zonaroja.com.mx\/index.php?rest_route=\/wp\/v2\/posts\/39675\/revisions"}],"predecessor-version":[{"id":39677,"href":"https:\/\/zonaroja.com.mx\/index.php?rest_route=\/wp\/v2\/posts\/39675\/revisions\/39677"}],"wp:featuredmedia":[{"embeddable":true,"href":"https:\/\/zonaroja.com.mx\/index.php?rest_route=\/wp\/v2\/media\/39676"}],"wp:attachment":[{"href":"https:\/\/zonaroja.com.mx\/index.php?rest_route=%2Fwp%2Fv2%2Fmedia&parent=39675"}],"wp:term":[{"taxonomy":"category","embeddable":true,"href":"https:\/\/zonaroja.com.mx\/index.php?rest_route=%2Fwp%2Fv2%2Fcategories&post=39675"},{"taxonomy":"post_tag","embeddable":true,"href":"https:\/\/zonaroja.com.mx\/index.php?rest_route=%2Fwp%2Fv2%2Ftags&post=39675"}],"curies":[{"name":"wp","href":"https:\/\/api.w.org\/{rel}","templated":true}]}}