{"id":39679,"date":"2022-04-06T19:45:58","date_gmt":"2022-04-07T00:45:58","guid":{"rendered":"https:\/\/www.zonaroja.com.mx\/?p=39679"},"modified":"2022-04-06T19:46:20","modified_gmt":"2022-04-07T00:46:20","slug":"confirma-el-teeo-ratificacion-de-la-candidatura-de-salomon-jara-a-gobernador-de-oaxaca","status":"publish","type":"post","link":"https:\/\/zonaroja.com.mx\/?p=39679","title":{"rendered":"Confirma el TEEO ratificaci\u00f3n de la candidatura de Salom\u00f3n Jara a gobernador de Oaxaca"},"content":{"rendered":"\n<p>Redacci\u00f3n\/Zona Roja &nbsp;<\/p>\n\n\n\n<p>Oaxaca de Ju\u00e1rez, Oax., 6 de abril de 2020.- En sesi\u00f3n p\u00fablica, el Pleno del Tribunal Electoral del Estado de Oaxaca (TEEO) confirm\u00f3 la ratificaci\u00f3n de la candidatura de MORENA a Gobernador del Estado, a favor de Salom\u00f3n Jara Cruz.&nbsp;<\/p>\n\n\n\n<p>Mediante los cuadernos de antecedentes con claves C.A.\/114\/2022 y C.A.\/115\/2022, ambos interpuestos por Susana Harp Iturribarr\u00eda; este \u00d3rgano Jurisdiccional advirti\u00f3 que los agravios expuestos ya fueron resueltos por la Sala Superior del Tribunal Electoral del Poder Judicial de la Federaci\u00f3n (TEPJF), a trav\u00e9s del expediente SUP-JDC-91\/2022.&nbsp;&nbsp;<\/p>\n\n\n\n<p>Respecto al expediente C.A.\/115\/2022, con el voto en contra de la magistrada presidenta del TEEO, por mayor\u00eda, el Pleno se\u00f1al\u00f3 que opera la eficacia refleja de la cosa juzgada, puesto que en dicha queja la actora ten\u00eda como pretensi\u00f3n principal, que se declare la ilegalidad de la declaraci\u00f3n o ratificaci\u00f3n a favor de Salom\u00f3n Jara Cruz, como candidato a la gubernatura del estado de Oaxaca, al tenor de diversas alegaciones sobre las que ya existe un pronunciamiento firme realizado tanto por este Tribunal y &nbsp;por la Sala Superior.<\/p>\n\n\n\n<p>En asunto 114\/2022, por unanimidad, la magistrada presidenta, el magistrado y la secretaria en funciones de magistrada se\u00f1alaron como infundados e inoperantes los motivos de disenso expuestos por Harp Iturribarr\u00eda, ya que la Comisi\u00f3n s\u00ed se pronunci\u00f3 sobre los planteamientos relacionados con la valoraci\u00f3n de su perfil y de la solicitud de registro de candidatura que fue aprobada<\/p>\n\n\n\n<p>Adem\u00e1s, respecto a la pretensi\u00f3n de la actora, de que el resultado de las encuestas sea vinculante para la designaci\u00f3n de la candidatura a la gubernatura, este Tribunal advirti\u00f3 que esto no podr\u00eda ocurrir, ya que el asunto fue resuelto por la Sala Superior.&nbsp;<\/p>\n\n\n\n<p>En cuanto al agravio relativo que la autoridad responsable no juzg\u00f3 con perspectiva de g\u00e9nero, el Pleno lo calific\u00f3 &nbsp;como infundado, pues la Comisi\u00f3n s\u00ed se\u00f1al\u00f3 las razones&nbsp; del por qu\u00e9 no fue aprobado el perfil &nbsp;de Susana Harp en t\u00e9rminos de su convocatoria, reglamento y normativa aplicable.&nbsp;&nbsp;&nbsp;&nbsp;<\/p>\n\n\n\n<p>En consecuencia, el TEEO valid\u00f3 la resoluci\u00f3n de la Comisi\u00f3n Nacional de Honestidad y Justicia del Partido Movimiento de Regeneraci\u00f3n Nacional, contenida en el expediente CNHJ-OAX-052\/2022<\/p>\n","protected":false},"excerpt":{"rendered":"<p>Redacci\u00f3n\/Zona Roja &nbsp; Oaxaca de Ju\u00e1rez, Oax., 6 de abril de 2020.- En sesi\u00f3n p\u00fablica,&hellip;<\/p>\n","protected":false},"author":2,"featured_media":39678,"comment_status":"closed","ping_status":"open","sticky":false,"template":"","format":"standard","meta":{"_lmt_disableupdate":"","_lmt_disable":"","_jetpack_memberships_contains_paid_content":false,"footnotes":""},"categories":[109,46],"tags":[],"class_list":["post-39679","post","type-post","status-publish","format-standard","has-post-thumbnail","hentry","category-minuto-a-minuto","category-zona-blanca"],"jetpack_featured_media_url":"https:\/\/zonaroja.com.mx\/wp-content\/uploads\/2022\/04\/img_6689.jpg","jetpack_sharing_enabled":true,"_links":{"self":[{"href":"https:\/\/zonaroja.com.mx\/index.php?rest_route=\/wp\/v2\/posts\/39679","targetHints":{"allow":["GET"]}}],"collection":[{"href":"https:\/\/zonaroja.com.mx\/index.php?rest_route=\/wp\/v2\/posts"}],"about":[{"href":"https:\/\/zonaroja.com.mx\/index.php?rest_route=\/wp\/v2\/types\/post"}],"author":[{"embeddable":true,"href":"https:\/\/zonaroja.com.mx\/index.php?rest_route=\/wp\/v2\/users\/2"}],"replies":[{"embeddable":true,"href":"https:\/\/zonaroja.com.mx\/index.php?rest_route=%2Fwp%2Fv2%2Fcomments&post=39679"}],"version-history":[{"count":1,"href":"https:\/\/zonaroja.com.mx\/index.php?rest_route=\/wp\/v2\/posts\/39679\/revisions"}],"predecessor-version":[{"id":39680,"href":"https:\/\/zonaroja.com.mx\/index.php?rest_route=\/wp\/v2\/posts\/39679\/revisions\/39680"}],"wp:featuredmedia":[{"embeddable":true,"href":"https:\/\/zonaroja.com.mx\/index.php?rest_route=\/wp\/v2\/media\/39678"}],"wp:attachment":[{"href":"https:\/\/zonaroja.com.mx\/index.php?rest_route=%2Fwp%2Fv2%2Fmedia&parent=39679"}],"wp:term":[{"taxonomy":"category","embeddable":true,"href":"https:\/\/zonaroja.com.mx\/index.php?rest_route=%2Fwp%2Fv2%2Fcategories&post=39679"},{"taxonomy":"post_tag","embeddable":true,"href":"https:\/\/zonaroja.com.mx\/index.php?rest_route=%2Fwp%2Fv2%2Ftags&post=39679"}],"curies":[{"name":"wp","href":"https:\/\/api.w.org\/{rel}","templated":true}]}}