{"id":39682,"date":"2022-04-06T20:52:19","date_gmt":"2022-04-07T01:52:19","guid":{"rendered":"http:\/\/www.zonaroja.com.mx\/?p=39682"},"modified":"2022-04-06T20:52:21","modified_gmt":"2022-04-07T01:52:21","slug":"crece-aviles-alvarez-10-puntos-en-intencion-del-voto-asegura-pri","status":"publish","type":"post","link":"https:\/\/zonaroja.com.mx\/?p=39682","title":{"rendered":"Crece Avil\u00e9s \u00c1lvarez 10 puntos en intenci\u00f3n del voto, asegura PRI"},"content":{"rendered":"\n<p>Yuridiana Sosa\/Zona Roja.<\/p>\n\n\n\n<p>Oaxaca de Ju\u00e1rez, Oax., 6 de abril de 2022.- A menos de una semana de iniciada la campa\u00f1a para la gubernatura de Oaxaca, el candidato com\u00fan del PRI-PRD, Alejandro Avil\u00e9s \u00c1lvarez, creci\u00f3 10 puntos en las preferencias de intenci\u00f3n del voto, report\u00f3 la encuesta de \u201cEl Financiero\u201d.<\/p>\n\n\n\n<p>En conferencia de prensa, el presidente del Comit\u00e9 Directivo Estatal del PRI, Javier Villaca\u00f1a Jim\u00e9nez, detall\u00f3 los resultados publicados este mi\u00e9rcoles, en los que mientras el candidato com\u00fan de su partido creci\u00f3 10 puntos, el contrincante de Morena, Salom\u00f3n Jara, perdi\u00f3 esos mismos puntos.<\/p>\n\n\n\n<p>La encuesta plantea: \u201cSi hoy fueran las elecciones para gobernador del estado \u00bfPor qui\u00e9n votar\u00eda usted? En la que el candidato del PRI-PRD pas\u00f3 de 18 puntos en enero a 28 puntos en marzo, al tiempo que Salom\u00f3n Jara de Morena pas\u00f3 de 51 a 41.<\/p>\n\n\n\n<p>Los resultados, dijo el dirigente del PRI se deben a que \u201cestamos haciendo propuestas, no repitiendo lo esquemas de AMLO, tenemos estructura que estamos fortaleciendo, reingresando a mucha gente que se hab\u00eda ido con el espejismo de la 4T\u201d.<\/p>\n\n\n\n<figure class=\"wp-block-embed is-type-rich is-provider-twitter wp-block-embed-twitter\"><div class=\"wp-block-embed__wrapper\">\n<div class=\"twitter-tweet\"><blockquote class=\"twitter-tweet\" data-lang=\"es\"><p lang=\"es\" dir=\"ltr\"><a href=\"https:\/\/twitter.com\/hashtag\/ENVIVO?src=hash&amp;ref_src=twsrc%5Etfw\">#ENVIVO<\/a><br>Oaxaca de Ju\u00e1rez, Oax., 6 de abril de 2022.- Conferencia de prensa de la dirigencia estatal del Partido Revolucionario Institucional (<a href=\"https:\/\/twitter.com\/PRIOaxaca_?ref_src=twsrc%5Etfw\">@PRIOaxaca_<\/a>), que preside <a href=\"https:\/\/twitter.com\/JavierVillacana?ref_src=twsrc%5Etfw\">@JavierVillacana<\/a>, sobre la reforma el\u00e9ctrica. <br><br>Siga aqu\u00ed la transmisi\u00f3n:<br>\ud83d\udc47<a href=\"https:\/\/t.co\/z6KFDHeBGs\">https:\/\/t.co\/z6KFDHeBGs<\/a> <a href=\"https:\/\/t.co\/63BMEnEDF1\">pic.twitter.com\/63BMEnEDF1<\/a><\/p>&mdash; Zona Roja Oaxaca (@ZonaRoja_Oaxaca) <a href=\"https:\/\/twitter.com\/ZonaRoja_Oaxaca\/status\/1511777069952290817?ref_src=twsrc%5Etfw\">6 de abril de 2022<\/a><\/blockquote><\/div>\n<\/div><\/figure>\n\n\n\n<p>RECHAZO A LA REFORMA EL\u00c9CTRICA<\/p>\n\n\n\n<p>La dirigencia estatal y la representaci\u00f3n nacional del PRI, encabezada por Javier Villaca\u00f1a y Alejandro Guevara Cobos, reiteraron el posicionamiento de su partido ante el intento de aprobaci\u00f3n de la Reforma El\u00e9ctrica por parte de legisladores de Morena.<\/p>\n\n\n\n<p>Los l\u00edderes indicaron que el PRI presenta una contra propuesta que contempla las energ\u00edas limpias, pero, adem\u00e1s, tarifas m\u00e1s bajas a beneficio de jefas de familia y grupos vulnerables mediante subsidios a trav\u00e9s de sistemas de generaci\u00f3n de energ\u00eda el\u00e9ctrica de peque\u00f1a escala para los hogares o para las comunidades, entre otros puntos.<\/p>\n\n\n\n<p>La defensa de su contrapropuesta la mantendr\u00e1 firme el PRI en todo el pa\u00eds, desde lo nacional a lo local.<\/p>\n\n\n\n<p>En conferencia de prensa, lamentaron la posici\u00f3n del Partido Verde Ecologista de M\u00e9xico por traicionar los supuestos ideales del cuidado al medio ambiente.&nbsp;<\/p>\n","protected":false},"excerpt":{"rendered":"<p>Yuridiana Sosa\/Zona Roja. Oaxaca de Ju\u00e1rez, Oax., 6 de abril de 2022.- A menos de&hellip;<\/p>\n","protected":false},"author":2,"featured_media":39683,"comment_status":"closed","ping_status":"open","sticky":false,"template":"","format":"standard","meta":{"_lmt_disableupdate":"","_lmt_disable":"","_jetpack_memberships_contains_paid_content":false,"footnotes":""},"categories":[109,46],"tags":[2456],"class_list":["post-39682","post","type-post","status-publish","format-standard","has-post-thumbnail","hentry","category-minuto-a-minuto","category-zona-blanca","tag-javier-villacana-jimenez"],"jetpack_featured_media_url":"https:\/\/zonaroja.com.mx\/wp-content\/uploads\/2022\/04\/Conferencia-PRI.jpg","jetpack_sharing_enabled":true,"_links":{"self":[{"href":"https:\/\/zonaroja.com.mx\/index.php?rest_route=\/wp\/v2\/posts\/39682","targetHints":{"allow":["GET"]}}],"collection":[{"href":"https:\/\/zonaroja.com.mx\/index.php?rest_route=\/wp\/v2\/posts"}],"about":[{"href":"https:\/\/zonaroja.com.mx\/index.php?rest_route=\/wp\/v2\/types\/post"}],"author":[{"embeddable":true,"href":"https:\/\/zonaroja.com.mx\/index.php?rest_route=\/wp\/v2\/users\/2"}],"replies":[{"embeddable":true,"href":"https:\/\/zonaroja.com.mx\/index.php?rest_route=%2Fwp%2Fv2%2Fcomments&post=39682"}],"version-history":[{"count":1,"href":"https:\/\/zonaroja.com.mx\/index.php?rest_route=\/wp\/v2\/posts\/39682\/revisions"}],"predecessor-version":[{"id":39684,"href":"https:\/\/zonaroja.com.mx\/index.php?rest_route=\/wp\/v2\/posts\/39682\/revisions\/39684"}],"wp:featuredmedia":[{"embeddable":true,"href":"https:\/\/zonaroja.com.mx\/index.php?rest_route=\/wp\/v2\/media\/39683"}],"wp:attachment":[{"href":"https:\/\/zonaroja.com.mx\/index.php?rest_route=%2Fwp%2Fv2%2Fmedia&parent=39682"}],"wp:term":[{"taxonomy":"category","embeddable":true,"href":"https:\/\/zonaroja.com.mx\/index.php?rest_route=%2Fwp%2Fv2%2Fcategories&post=39682"},{"taxonomy":"post_tag","embeddable":true,"href":"https:\/\/zonaroja.com.mx\/index.php?rest_route=%2Fwp%2Fv2%2Ftags&post=39682"}],"curies":[{"name":"wp","href":"https:\/\/api.w.org\/{rel}","templated":true}]}}