{"id":39685,"date":"2022-04-06T21:59:19","date_gmt":"2022-04-07T02:59:19","guid":{"rendered":"http:\/\/www.zonaroja.com.mx\/?p=39685"},"modified":"2022-04-06T21:59:21","modified_gmt":"2022-04-07T02:59:21","slug":"conflicto-desatendido-por-segego-deja-un-muerto-y-dos-heridos-de-bala","status":"publish","type":"post","link":"https:\/\/zonaroja.com.mx\/?p=39685","title":{"rendered":"Conflicto desatendido por Segego deja un muerto y dos heridos de bala"},"content":{"rendered":"\n<p>Redacci\u00f3n\/Zona Roja.<\/p>\n\n\n\n<p>Oaxaca de Ju\u00e1rez, Oax., 6 de diciembre de 2022.- Un conflicto de m\u00e1s de seis meses entre Tepetlapa y Tulixtlahuaca, que ha incluido la excavaci\u00f3n de zanjas para obstruir una vialidad, dej\u00f3 como saldo hoy una persona fallecida y dos lesionadas de bala.<\/p>\n\n\n\n<p>Fue en el municipio de San Antonio Tepetlapa, en la regi\u00f3n Costa, en que se registraron los hechos violentos, donde perdi\u00f3 la vida en el hospital el ex s\u00edndico municipal Malaqu\u00edas Guzm\u00e1n Dami\u00e1n, mientras los heridos fueron identificados como&nbsp; Ezequiel D. y Evencio S.<\/p>\n\n\n\n<p>Los tres son tatamandones del pueblo, es decir personas de edad avanzada y caracterizada, que forman parte de una especie de autoridad civil en la comunidad.<\/p>\n\n\n\n<figure class=\"wp-block-embed is-type-rich is-provider-twitter wp-block-embed-twitter\"><div class=\"wp-block-embed__wrapper\">\n<div class=\"twitter-tweet\"><blockquote class=\"twitter-tweet\" data-lang=\"es\"><p lang=\"es\" dir=\"ltr\"><a href=\"https:\/\/twitter.com\/hashtag\/%C3%9AltimoMinuto?src=hash&amp;ref_src=twsrc%5Etfw\">#\u00daltimoMinuto<\/a> <br>Sigue la tensi\u00f3n en San Antonio <a href=\"https:\/\/twitter.com\/hashtag\/Tepetlapa?src=hash&amp;ref_src=twsrc%5Etfw\">#Tepetlapa<\/a>, municipio de la Costa de <a href=\"https:\/\/twitter.com\/hashtag\/Oaxaca?src=hash&amp;ref_src=twsrc%5Etfw\">#Oaxaca<\/a>, tras la emboscada de hoy, presuntamente por gente de Tulixtlahuaca, en que una persona perdi\u00f3 la vida por disparos de armas de fuego y dos m\u00e1s resultaron lesionadas. <br>Video: Cortes\u00eda <a href=\"https:\/\/t.co\/1gDroDquX1\">pic.twitter.com\/1gDroDquX1<\/a><\/p>&mdash; Zona Roja Oaxaca (@ZonaRoja_Oaxaca) <a href=\"https:\/\/twitter.com\/ZonaRoja_Oaxaca\/status\/1511886233055768578?ref_src=twsrc%5Etfw\">7 de abril de 2022<\/a><\/blockquote><\/div>\n<\/div><\/figure>\n\n\n\n<p>Se dirig\u00edan al punto donde Tepetlapan hab\u00eda determinado construir un muro, para seguir impidiendo el tr\u00e1nsito de habitantes de San Pedro Tulixtlahuaca, cuando fueron atacados a balazos presuntamente por pobladores de esta \u00faltima localidad.<\/p>\n\n\n\n<p>Desde hace m\u00e1s de un a\u00f1o hay un conflicto entre la cabecera municipal y sus agencias, primero por conflictos electorales y desde hace seis meses se recrudeci\u00f3 la situaci\u00f3n, por los recursos presupuestales, en que Tepetlapa cort\u00f3 el camino para cerrar el tr\u00e1nsito de Tulixtlahuaca hacia Pinotepa Nacional.<\/p>\n\n\n\n<p>En reiteradas ocasiones, ambos pueblos han exigido la intervenci\u00f3n de la Secretar\u00eda General de Gobierno, as\u00ed como de la Secretar\u00eda de Gobernaci\u00f3n, sin que hubiera atenci\u00f3n efectiva.<\/p>\n\n\n\n<p>La Secretar\u00eda de Seguridad P\u00fablica de Oaxaca inform\u00f3 por su parte que mantiene vigilancia en la zona, con la finalidad de evitar que escale el conflicto.<\/p>\n","protected":false},"excerpt":{"rendered":"<p>Redacci\u00f3n\/Zona Roja. Oaxaca de Ju\u00e1rez, Oax., 6 de diciembre de 2022.- Un conflicto de m\u00e1s&hellip;<\/p>\n","protected":false},"author":2,"featured_media":39686,"comment_status":"closed","ping_status":"open","sticky":false,"template":"","format":"standard","meta":{"_lmt_disableupdate":"","_lmt_disable":"","_jetpack_memberships_contains_paid_content":false,"footnotes":""},"categories":[109,51],"tags":[1902],"class_list":["post-39685","post","type-post","status-publish","format-standard","has-post-thumbnail","hentry","category-minuto-a-minuto","category-zona-roja","tag-san-antonio-tepetlapa"],"jetpack_featured_media_url":"https:\/\/zonaroja.com.mx\/wp-content\/uploads\/2022\/04\/Conflicto-Tepetlapa-enfrentamiento.jpg","jetpack_sharing_enabled":true,"_links":{"self":[{"href":"https:\/\/zonaroja.com.mx\/index.php?rest_route=\/wp\/v2\/posts\/39685","targetHints":{"allow":["GET"]}}],"collection":[{"href":"https:\/\/zonaroja.com.mx\/index.php?rest_route=\/wp\/v2\/posts"}],"about":[{"href":"https:\/\/zonaroja.com.mx\/index.php?rest_route=\/wp\/v2\/types\/post"}],"author":[{"embeddable":true,"href":"https:\/\/zonaroja.com.mx\/index.php?rest_route=\/wp\/v2\/users\/2"}],"replies":[{"embeddable":true,"href":"https:\/\/zonaroja.com.mx\/index.php?rest_route=%2Fwp%2Fv2%2Fcomments&post=39685"}],"version-history":[{"count":1,"href":"https:\/\/zonaroja.com.mx\/index.php?rest_route=\/wp\/v2\/posts\/39685\/revisions"}],"predecessor-version":[{"id":39687,"href":"https:\/\/zonaroja.com.mx\/index.php?rest_route=\/wp\/v2\/posts\/39685\/revisions\/39687"}],"wp:featuredmedia":[{"embeddable":true,"href":"https:\/\/zonaroja.com.mx\/index.php?rest_route=\/wp\/v2\/media\/39686"}],"wp:attachment":[{"href":"https:\/\/zonaroja.com.mx\/index.php?rest_route=%2Fwp%2Fv2%2Fmedia&parent=39685"}],"wp:term":[{"taxonomy":"category","embeddable":true,"href":"https:\/\/zonaroja.com.mx\/index.php?rest_route=%2Fwp%2Fv2%2Fcategories&post=39685"},{"taxonomy":"post_tag","embeddable":true,"href":"https:\/\/zonaroja.com.mx\/index.php?rest_route=%2Fwp%2Fv2%2Ftags&post=39685"}],"curies":[{"name":"wp","href":"https:\/\/api.w.org\/{rel}","templated":true}]}}