{"id":39688,"date":"2022-04-06T22:19:33","date_gmt":"2022-04-07T03:19:33","guid":{"rendered":"http:\/\/www.zonaroja.com.mx\/?p=39688"},"modified":"2022-04-06T22:19:35","modified_gmt":"2022-04-07T03:19:35","slug":"catean-domicilios-de-el-pino-hijo-de-ex-diputado-gustavo-d-s","status":"publish","type":"post","link":"https:\/\/zonaroja.com.mx\/?p=39688","title":{"rendered":"Catean domicilios de \u201cEl Pino\u201d, hijo de ex diputado Gustavo D. S."},"content":{"rendered":"\n<p>Redacci\u00f3n\/Zona Roja.<\/p>\n\n\n\n<p>Oaxaca de Ju\u00e1rez, Oax., 6 de abril de 2022.- Por considerar que est\u00e1 involucrado en probables actividades criminales, personal de la Fiscal\u00eda General del Estado de Oaxaca cate\u00f3 domicilios en la Cuenca, relacionados con Gustavo Abigail D. R., alias \u201cEl Pino\u201d, hijo del ex diputado priista Gustavo D. S., conocido como \u201cEl Gato\u201d.<\/p>\n\n\n\n<p>En un comunicado, la instituci\u00f3n que encabeza Arturo Peimbert se\u00f1al\u00f3 estas acciones se realizan como parte de la colaboraci\u00f3n interinstitucional con la Fiscal\u00eda de Veracruz y est\u00e1n inscritas en la estrategia de seguridad regional del sureste del pa\u00eds.<\/p>\n\n\n\n<p>Detall\u00f3 que las acciones se efectuaron en tres cateos en diferentes domicilios del municipio de San Jos\u00e9 Cosolapa, durante la madrugada de este mi\u00e9rcoles 6 de abril de 2022.<\/p>\n\n\n\n<p>Detall\u00f3 que m\u00e1s de 30 elementos de la Fiscal\u00eda de Oaxaca, apoyados por efectivos de la Guardia Nacional, dieron cumplimiento a la orden de cateo asentada en el cuaderno de antecedentes 17\/2022, autorizado por el Juez de Control.<\/p>\n\n\n\n<p>La primera incursi\u00f3n se realiz\u00f3 en la localidad de Estaci\u00f3n El Refugio, mientras que la segunda etapa del despliegue policial se ejecut\u00f3 en el Rancho \u201cEl Canutillo\u201d.<\/p>\n\n\n\n<figure class=\"wp-block-embed is-type-rich is-provider-twitter wp-block-embed-twitter\"><div class=\"wp-block-embed__wrapper\">\n<div class=\"twitter-tweet\"><blockquote class=\"twitter-tweet\" data-lang=\"es\"><p lang=\"es\" dir=\"ltr\">.<a href=\"https:\/\/twitter.com\/FISCALIA_GobOax?ref_src=twsrc%5Etfw\">@FISCALIA_GobOax<\/a> y <a href=\"https:\/\/twitter.com\/GN_MEXICO_?ref_src=twsrc%5Etfw\">@GN_MEXICO_<\/a> realizan tres cateos en la <a href=\"https:\/\/twitter.com\/hashtag\/Cuenca?src=hash&amp;ref_src=twsrc%5Etfw\">#Cuenca<\/a> por probables actividades criminales que estar\u00eda lideradas por G. A. D. R., alias \u201cEl Pino\u201d <a href=\"https:\/\/t.co\/X9huhXpuw1\">pic.twitter.com\/X9huhXpuw1<\/a><\/p>&mdash; Fiscal\u00eda General (@FISCALIA_GobOax) <a href=\"https:\/\/twitter.com\/FISCALIA_GobOax\/status\/1511731874057670660?ref_src=twsrc%5Etfw\">6 de abril de 2022<\/a><\/blockquote><\/div>\n<\/div><\/figure>\n\n\n\n<p>El tercer y \u00faltimo cateo desplegado este mi\u00e9rcoles, se realiz\u00f3 en una bodega; los tres operativos sucedieron dentro del municipio de Cosolapa.<\/p>\n\n\n\n<p>La Fiscal\u00eda agreg\u00f3 que como resultado de esta incursi\u00f3n, se logr\u00f3 el aseguramiento de cartuchos \u00fatiles de arma de fuego calibre 9 mil\u00edmetros, adem\u00e1s de decenas de dosis empaquetadas de la droga conocida como cristal.<\/p>\n\n\n\n<p>Tambi\u00e9n aseguraron herramienta y maquinara para la construcci\u00f3n, diversas autopartes de veh\u00edculos de motor, tractocamiones y maquinaria pesada que cuentan con reporte de robo, as\u00ed como llantas y placas de circulaci\u00f3n con reporte de robo, adem\u00e1s de herramienta que aparentemente era utilizada para la alteraci\u00f3n de veh\u00edculos de carga.<\/p>\n\n\n\n<p>A\u00f1adi\u00f3 que estas acciones servir\u00e1n para fortalecer las investigaciones en torno a las actividades criminales de bandas delictivas que operan en los l\u00edmites de los estados de Oaxaca y Veracruz, principalmente en las regiones de la Cuenca y el Istmo, con lo que se busca garantizar la paz social para los pobladores de esta zona.<\/p>\n\n\n\n<p>\u201cLas labores de inteligencia son fundamentales para el \u00e9xito en el combate a la criminalidad, por lo que la FGEO est\u00e1 comprometida con las acciones que contribuyan a la seguridad p\u00fablica, la impartici\u00f3n de justicia y el abatimiento de la impunidad\u201d, remarc\u00f3 en su comunicado.<\/p>\n","protected":false},"excerpt":{"rendered":"<p>Redacci\u00f3n\/Zona Roja. Oaxaca de Ju\u00e1rez, Oax., 6 de abril de 2022.- Por considerar que est\u00e1&hellip;<\/p>\n","protected":false},"author":2,"featured_media":39494,"comment_status":"closed","ping_status":"open","sticky":false,"template":"","format":"standard","meta":{"_lmt_disableupdate":"","_lmt_disable":"","_jetpack_memberships_contains_paid_content":false,"footnotes":""},"categories":[109,46],"tags":[494],"class_list":["post-39688","post","type-post","status-publish","format-standard","has-post-thumbnail","hentry","category-minuto-a-minuto","category-zona-blanca","tag-fiscalia-general-del-estado-de-oaxaca"],"jetpack_featured_media_url":"https:\/\/zonaroja.com.mx\/wp-content\/uploads\/2022\/04\/Gustavo-Abigail-El-Pino.jpg","jetpack_sharing_enabled":true,"_links":{"self":[{"href":"https:\/\/zonaroja.com.mx\/index.php?rest_route=\/wp\/v2\/posts\/39688","targetHints":{"allow":["GET"]}}],"collection":[{"href":"https:\/\/zonaroja.com.mx\/index.php?rest_route=\/wp\/v2\/posts"}],"about":[{"href":"https:\/\/zonaroja.com.mx\/index.php?rest_route=\/wp\/v2\/types\/post"}],"author":[{"embeddable":true,"href":"https:\/\/zonaroja.com.mx\/index.php?rest_route=\/wp\/v2\/users\/2"}],"replies":[{"embeddable":true,"href":"https:\/\/zonaroja.com.mx\/index.php?rest_route=%2Fwp%2Fv2%2Fcomments&post=39688"}],"version-history":[{"count":1,"href":"https:\/\/zonaroja.com.mx\/index.php?rest_route=\/wp\/v2\/posts\/39688\/revisions"}],"predecessor-version":[{"id":39689,"href":"https:\/\/zonaroja.com.mx\/index.php?rest_route=\/wp\/v2\/posts\/39688\/revisions\/39689"}],"wp:featuredmedia":[{"embeddable":true,"href":"https:\/\/zonaroja.com.mx\/index.php?rest_route=\/wp\/v2\/media\/39494"}],"wp:attachment":[{"href":"https:\/\/zonaroja.com.mx\/index.php?rest_route=%2Fwp%2Fv2%2Fmedia&parent=39688"}],"wp:term":[{"taxonomy":"category","embeddable":true,"href":"https:\/\/zonaroja.com.mx\/index.php?rest_route=%2Fwp%2Fv2%2Fcategories&post=39688"},{"taxonomy":"post_tag","embeddable":true,"href":"https:\/\/zonaroja.com.mx\/index.php?rest_route=%2Fwp%2Fv2%2Ftags&post=39688"}],"curies":[{"name":"wp","href":"https:\/\/api.w.org\/{rel}","templated":true}]}}