{"id":3969,"date":"2019-09-14T18:08:23","date_gmt":"2019-09-14T23:08:23","guid":{"rendered":"http:\/\/www.zonaroja.com.mx\/?p=3969"},"modified":"2019-09-14T18:08:26","modified_gmt":"2019-09-14T23:08:26","slug":"vinculan-a-proceso-a-la-estudiante-tuxtepecana-acusada-de-violacion","status":"publish","type":"post","link":"https:\/\/zonaroja.com.mx\/?p=3969","title":{"rendered":"Vinculan a proceso a la estudiante tuxtepecana acusada de violaci\u00f3n"},"content":{"rendered":"\n<p>Redacci\u00f3n\/Zona\nRoja.<\/p>\n\n\n\n<p>Oaxaca de Ju\u00e1rez,\nOax., 14 de septiembre de 2019.- El juez de control de la causa determin\u00f3\nvincular a proceso a la estudiante tuxtepecana Fanny A. R., acusada de violar a\nuna menor de cuatro a\u00f1os de edad. Adem\u00e1s, orden\u00f3 la medida cautelar de prisi\u00f3n\npreventiva.<\/p>\n\n\n\n<p>De acuerdo\ncon el expediente penal n\u00famero 189\/2019, los hechos sucedieron el 16 de agosto\nde este a\u00f1o en un domicilio de San Juan Bautista Tuxtepec, cuando familiares\npidieron a la joven de 19 a\u00f1os de edad cuidar a su hija, ya que tendr\u00edan una\nactividad y no ten\u00edan con qui\u00e9n dejarla. Al regresar, Fanny les entreg\u00f3 a la\nni\u00f1a.<\/p>\n\n\n\n<p>Sin embargo,\nla menor comenz\u00f3 a presentar conductas sociales raras, por lo cual pidieron\nayuda de especialistas, que determinaron que sufri\u00f3 una agresi\u00f3n sexual. Tras\ndenunciar los hechos ante la Vicefiscal\u00eda Regional de la Cuenca, un juez obsequi\u00f3\nla respectiva orden de aprehensi\u00f3n, que fue ejecutada el pasado 8 de\nseptiembre.<\/p>\n\n\n\n<p>Durante este\nviernes, el juez de control vincul\u00f3 a proceso a Fanny A. R. como probable\nresponsable del delito de violaci\u00f3n equiparada agravada, en perjuicio de una\nmenor de cuatro a\u00f1os de edad.<\/p>\n\n\n\n<p>Asimismo,\ndio un plazo para el cierre de la investigaci\u00f3n; mientras tanto, la joven\nestudiante fue recluida en el Centro Femenil de Reinserci\u00f3n Social con sede en\nSan Francisco Tanivet, Tlacolula de Matamoros.<\/p>\n\n\n\n<p>En v\u00edsperas\nde ello, sus familiares hab\u00edan hecho una protesta afuera del centro de justicia\nde San Juan Bautista Tuxtepec, al argumentar que Fanny era inocente.<\/p>\n","protected":false},"excerpt":{"rendered":"<p>Redacci\u00f3n\/Zona Roja. Oaxaca de Ju\u00e1rez, Oax., 14 de septiembre de 2019.- El juez de control&hellip;<\/p>\n","protected":false},"author":2,"featured_media":3970,"comment_status":"closed","ping_status":"open","sticky":false,"template":"","format":"standard","meta":{"_lmt_disableupdate":"","_lmt_disable":"","_jetpack_memberships_contains_paid_content":false,"footnotes":""},"categories":[109,51],"tags":[118],"class_list":["post-3969","post","type-post","status-publish","format-standard","has-post-thumbnail","hentry","category-minuto-a-minuto","category-zona-roja","tag-san-juan-bautista-tuxtepec"],"jetpack_featured_media_url":"https:\/\/zonaroja.com.mx\/wp-content\/uploads\/2019\/09\/agresi\u00f3n-sexual.jpg","jetpack_sharing_enabled":true,"_links":{"self":[{"href":"https:\/\/zonaroja.com.mx\/index.php?rest_route=\/wp\/v2\/posts\/3969","targetHints":{"allow":["GET"]}}],"collection":[{"href":"https:\/\/zonaroja.com.mx\/index.php?rest_route=\/wp\/v2\/posts"}],"about":[{"href":"https:\/\/zonaroja.com.mx\/index.php?rest_route=\/wp\/v2\/types\/post"}],"author":[{"embeddable":true,"href":"https:\/\/zonaroja.com.mx\/index.php?rest_route=\/wp\/v2\/users\/2"}],"replies":[{"embeddable":true,"href":"https:\/\/zonaroja.com.mx\/index.php?rest_route=%2Fwp%2Fv2%2Fcomments&post=3969"}],"version-history":[{"count":1,"href":"https:\/\/zonaroja.com.mx\/index.php?rest_route=\/wp\/v2\/posts\/3969\/revisions"}],"predecessor-version":[{"id":3971,"href":"https:\/\/zonaroja.com.mx\/index.php?rest_route=\/wp\/v2\/posts\/3969\/revisions\/3971"}],"wp:featuredmedia":[{"embeddable":true,"href":"https:\/\/zonaroja.com.mx\/index.php?rest_route=\/wp\/v2\/media\/3970"}],"wp:attachment":[{"href":"https:\/\/zonaroja.com.mx\/index.php?rest_route=%2Fwp%2Fv2%2Fmedia&parent=3969"}],"wp:term":[{"taxonomy":"category","embeddable":true,"href":"https:\/\/zonaroja.com.mx\/index.php?rest_route=%2Fwp%2Fv2%2Fcategories&post=3969"},{"taxonomy":"post_tag","embeddable":true,"href":"https:\/\/zonaroja.com.mx\/index.php?rest_route=%2Fwp%2Fv2%2Ftags&post=3969"}],"curies":[{"name":"wp","href":"https:\/\/api.w.org\/{rel}","templated":true}]}}