{"id":39700,"date":"2022-04-07T07:51:40","date_gmt":"2022-04-07T12:51:40","guid":{"rendered":"http:\/\/www.zonaroja.com.mx\/?p=39700"},"modified":"2022-04-07T07:51:42","modified_gmt":"2022-04-07T12:51:42","slug":"recorre-jara-cruz-la-mixteca-compromete-combate-frontal-a-pobreza","status":"publish","type":"post","link":"https:\/\/zonaroja.com.mx\/?p=39700","title":{"rendered":"Recorre Jara Cruz la Mixteca; compromete combate frontal a pobreza"},"content":{"rendered":"\n<p>Redacci\u00f3n\/Zona Roja.<\/p>\n\n\n\n<p>Oaxaca de Ju\u00e1rez, Oax., 7 de abril de 2022.- Salom\u00f3n Jara Cruz, candidato a la gubernatura de Oaxaca por la coalici\u00f3n \u201cJuntos Hacemos Historia\u201d, visit\u00f3 ayer distintas poblaciones de la regi\u00f3n Mixteca, una de las zonas con mayores carencias en la entidad, en donde asegur\u00f3 que aplicar\u00e1 una pol\u00edtica de desarrollo social para todas y todos.<\/p>\n\n\n\n<p>Durante sus encuentros con habitantes de los municipios de Santa Cruz Itundujia, Santo Domingo Yosondu, Chalcatongo de Hidalgo y San Miguel el Grande, Jara Cruz asever\u00f3 que dispondr\u00e1 de todo el aparato gubernamental para implementar programas y acciones que verdaderamente combatan el rezago social que por a\u00f1os ha marginado a la entidad.<\/p>\n\n\n\n<p>\u201cPero no s\u00f3lo se trata de destinar recursos y acciones, tambi\u00e9n es cuesti\u00f3n de tener sensibilidad y tacto, porque se puede tener el recurso, pero no el conocimiento de d\u00f3nde y c\u00f3mo aplicarlos. Yo conozco cada municipio de Oaxaca y s\u00e9 qu\u00e9 necesita cada uno\u201d, dijo.<\/p>\n\n\n\n<p>El abanderado de los partidos Morena, Verde Ecologista de M\u00e9xico, del Trabajo y Unidad Popular se comprometi\u00f3 a aplicar una pol\u00edtica de austeridad en toda la administraci\u00f3n p\u00fablica estatal, que permita garantizar ahorros presupuestarios y utilizarlos para el desarrollo social, el combate a la marginaci\u00f3n y la pobreza.<\/p>\n\n\n\n<p>\u201cEs momento de poner fin a esta etapa de corrupci\u00f3n, marginaci\u00f3n e impunidad, no heredemos a nuestros hijos rezago ni pobreza, Oaxaca lo tiene todo para dejarle a las futuras generaciones paz, desarrollo y estabilidad, y esto s\u00f3lo se lograr\u00e1 con el proyecto transformador que ofrecemos\u201d, manifest\u00f3.<\/p>\n\n\n\n<figure class=\"wp-block-embed is-type-rich is-provider-twitter wp-block-embed-twitter\"><div class=\"wp-block-embed__wrapper\">\n<div class=\"twitter-tweet\"><blockquote class=\"twitter-tweet\" data-lang=\"es\"><p lang=\"es\" dir=\"ltr\"><a href=\"https:\/\/twitter.com\/hashtag\/EleccionesOaxaca2022?src=hash&amp;ref_src=twsrc%5Etfw\">#EleccionesOaxaca2022<\/a><br>En San Miguel el Grande termin\u00f3 hoy el candidato <a href=\"https:\/\/twitter.com\/salomonj?ref_src=twsrc%5Etfw\">@salomonj<\/a> su intensa gira por la regi\u00f3n Mixteca de Oaxaca.<br>\u201cVamos con mucha alegr\u00eda y entusiasmo. Cada d\u00eda estamos m\u00e1s emocionados porque <a href=\"https:\/\/twitter.com\/hashtag\/YaVieneLaCuartaTransformaci%C3%B3n?src=hash&amp;ref_src=twsrc%5Etfw\">#YaVieneLaCuartaTransformaci\u00f3n<\/a>\u201d, dijo. <a href=\"https:\/\/t.co\/EngcMlmBi8\">pic.twitter.com\/EngcMlmBi8<\/a><\/p>&mdash; Zona Roja Oaxaca (@ZonaRoja_Oaxaca) <a href=\"https:\/\/twitter.com\/ZonaRoja_Oaxaca\/status\/1511919622295109633?ref_src=twsrc%5Etfw\">7 de abril de 2022<\/a><\/blockquote><\/div>\n<\/div><\/figure>\n","protected":false},"excerpt":{"rendered":"<p>Redacci\u00f3n\/Zona Roja. Oaxaca de Ju\u00e1rez, Oax., 7 de abril de 2022.- Salom\u00f3n Jara Cruz, candidato&hellip;<\/p>\n","protected":false},"author":2,"featured_media":39695,"comment_status":"closed","ping_status":"open","sticky":false,"template":"","format":"standard","meta":{"_lmt_disableupdate":"","_lmt_disable":"","_jetpack_memberships_contains_paid_content":false,"footnotes":""},"categories":[109,46],"tags":[2879,939],"class_list":["post-39700","post","type-post","status-publish","format-standard","has-post-thumbnail","hentry","category-minuto-a-minuto","category-zona-blanca","tag-elecciones-oaxaca-2022","tag-salomon-jara-cruz"],"jetpack_featured_media_url":"https:\/\/zonaroja.com.mx\/wp-content\/uploads\/2022\/04\/Salomon-Jara-en-Mixteca.jpg","jetpack_sharing_enabled":true,"_links":{"self":[{"href":"https:\/\/zonaroja.com.mx\/index.php?rest_route=\/wp\/v2\/posts\/39700","targetHints":{"allow":["GET"]}}],"collection":[{"href":"https:\/\/zonaroja.com.mx\/index.php?rest_route=\/wp\/v2\/posts"}],"about":[{"href":"https:\/\/zonaroja.com.mx\/index.php?rest_route=\/wp\/v2\/types\/post"}],"author":[{"embeddable":true,"href":"https:\/\/zonaroja.com.mx\/index.php?rest_route=\/wp\/v2\/users\/2"}],"replies":[{"embeddable":true,"href":"https:\/\/zonaroja.com.mx\/index.php?rest_route=%2Fwp%2Fv2%2Fcomments&post=39700"}],"version-history":[{"count":1,"href":"https:\/\/zonaroja.com.mx\/index.php?rest_route=\/wp\/v2\/posts\/39700\/revisions"}],"predecessor-version":[{"id":39701,"href":"https:\/\/zonaroja.com.mx\/index.php?rest_route=\/wp\/v2\/posts\/39700\/revisions\/39701"}],"wp:featuredmedia":[{"embeddable":true,"href":"https:\/\/zonaroja.com.mx\/index.php?rest_route=\/wp\/v2\/media\/39695"}],"wp:attachment":[{"href":"https:\/\/zonaroja.com.mx\/index.php?rest_route=%2Fwp%2Fv2%2Fmedia&parent=39700"}],"wp:term":[{"taxonomy":"category","embeddable":true,"href":"https:\/\/zonaroja.com.mx\/index.php?rest_route=%2Fwp%2Fv2%2Fcategories&post=39700"},{"taxonomy":"post_tag","embeddable":true,"href":"https:\/\/zonaroja.com.mx\/index.php?rest_route=%2Fwp%2Fv2%2Ftags&post=39700"}],"curies":[{"name":"wp","href":"https:\/\/api.w.org\/{rel}","templated":true}]}}