{"id":39702,"date":"2022-04-07T08:03:02","date_gmt":"2022-04-07T13:03:02","guid":{"rendered":"http:\/\/www.zonaroja.com.mx\/?p=39702"},"modified":"2022-04-07T08:03:04","modified_gmt":"2022-04-07T13:03:04","slug":"sube-a-28-intencion-de-voto-a-favor-de-alejandro-aviles","status":"publish","type":"post","link":"https:\/\/zonaroja.com.mx\/?p=39702","title":{"rendered":"Sube a 28% intenci\u00f3n de voto a favor de Alejandro Avil\u00e9s"},"content":{"rendered":"\n<p>Redacci\u00f3n\/Zona Roja.<\/p>\n\n\n\n<p>Oaxaca de Ju\u00e1rez, Oax. a 7 de abril.- De cara al 5 de junio, fecha en que se celebrar\u00e1 la elecci\u00f3n a la gubernatura del estado, la reciente encuesta publicada por el diario \u201cEl Financiero-2 dio a conocer que el candidato com\u00fan del PRI-PRD, Alejandro Avil\u00e9s \u00c1lvarez, creci\u00f3 10 puntos en la intenci\u00f3n del voto.<\/p>\n\n\n\n<p>De acuerdo con dicha medici\u00f3n, el candidato conocido como &#8216;Triple A&#8217; es el candidato que m\u00e1s ha crecido a s\u00f3lo d\u00edas de haber arrancado las campa\u00f1as electorales en la entidad oaxaque\u00f1a, respecto de los otros seis candidatos y candidatas, quienes van a la baja.<\/p>\n\n\n\n<p>Seg\u00fan el sondeo publicado por el diario de circulaci\u00f3n nacional, Avil\u00e9s \u00c1lvarez cuenta con el 28% de la intenci\u00f3n del voto, por lo que los 10 puntos ganados son los que perdi\u00f3 estrepitosamente el candidato de la coalici\u00f3n \u00abJuntos hacemos historia\u00bb, Salom\u00f3n Jara Cruz, cerr\u00e1ndose as\u00ed la elecci\u00f3n.<\/p>\n\n\n\n<p>\u201cQueda claro que esta elecci\u00f3n es de dos y que el candidato Triple A viene con todo para ganar la candidatura de Oaxaca\u201d, afirm\u00f3 el presidente estatal del PRI, Javier Villaca\u00f1a Jim\u00e9nez<\/p>\n\n\n\n<p>En los casi cuatro d\u00edas de campa\u00f1a electoral, el proyecto y propuestas del candidato Alejandro Avil\u00e9s han sido bien recibidas por militantes pri\u00edstas, perredistas y ciudadan\u00eda en general que han generado un crecimiento contundente en la b\u00fasqueda del triunfo electoral.<\/p>\n\n\n\n<figure class=\"wp-block-embed is-type-rich is-provider-twitter wp-block-embed-twitter\"><div class=\"wp-block-embed__wrapper\">\n<div class=\"twitter-tweet\"><blockquote class=\"twitter-tweet\" data-lang=\"es\"><p lang=\"es\" dir=\"ltr\"><a href=\"https:\/\/twitter.com\/hashtag\/EleccionesOaxaca2022?src=hash&amp;ref_src=twsrc%5Etfw\">#EleccionesOaxaca2022<\/a><br>Por su parte, el candidato del PRI-PRD, <a href=\"https:\/\/twitter.com\/_AvilesAlvarez?ref_src=twsrc%5Etfw\">@_AvilesAlvarez<\/a>, recorre el Istmo. <br>\u201cVamos a ganar este campeonato electoral, desde la cuna del Cruz Azul, el equipo de mi coraz\u00f3n, les digo: \u00a1los vamos a golear!\u201d, dijo en Lagunas. <a href=\"https:\/\/t.co\/qk2g3gFGOC\">pic.twitter.com\/qk2g3gFGOC<\/a><\/p>&mdash; Zona Roja Oaxaca (@ZonaRoja_Oaxaca) <a href=\"https:\/\/twitter.com\/ZonaRoja_Oaxaca\/status\/1511921007191281664?ref_src=twsrc%5Etfw\">7 de abril de 2022<\/a><\/blockquote><\/div>\n<\/div><\/figure>\n","protected":false},"excerpt":{"rendered":"<p>Redacci\u00f3n\/Zona Roja. Oaxaca de Ju\u00e1rez, Oax. a 7 de abril.- De cara al 5 de&hellip;<\/p>\n","protected":false},"author":2,"featured_media":39693,"comment_status":"closed","ping_status":"open","sticky":false,"template":"","format":"standard","meta":{"_lmt_disableupdate":"","_lmt_disable":"","_jetpack_memberships_contains_paid_content":false,"footnotes":""},"categories":[109,46],"tags":[316,2879],"class_list":["post-39702","post","type-post","status-publish","format-standard","has-post-thumbnail","hentry","category-minuto-a-minuto","category-zona-blanca","tag-alejandro-aviles-alvarez","tag-elecciones-oaxaca-2022"],"jetpack_featured_media_url":"https:\/\/zonaroja.com.mx\/wp-content\/uploads\/2022\/04\/Alejandro-Aviles-en-Istmo.jpg","jetpack_sharing_enabled":true,"_links":{"self":[{"href":"https:\/\/zonaroja.com.mx\/index.php?rest_route=\/wp\/v2\/posts\/39702","targetHints":{"allow":["GET"]}}],"collection":[{"href":"https:\/\/zonaroja.com.mx\/index.php?rest_route=\/wp\/v2\/posts"}],"about":[{"href":"https:\/\/zonaroja.com.mx\/index.php?rest_route=\/wp\/v2\/types\/post"}],"author":[{"embeddable":true,"href":"https:\/\/zonaroja.com.mx\/index.php?rest_route=\/wp\/v2\/users\/2"}],"replies":[{"embeddable":true,"href":"https:\/\/zonaroja.com.mx\/index.php?rest_route=%2Fwp%2Fv2%2Fcomments&post=39702"}],"version-history":[{"count":1,"href":"https:\/\/zonaroja.com.mx\/index.php?rest_route=\/wp\/v2\/posts\/39702\/revisions"}],"predecessor-version":[{"id":39703,"href":"https:\/\/zonaroja.com.mx\/index.php?rest_route=\/wp\/v2\/posts\/39702\/revisions\/39703"}],"wp:featuredmedia":[{"embeddable":true,"href":"https:\/\/zonaroja.com.mx\/index.php?rest_route=\/wp\/v2\/media\/39693"}],"wp:attachment":[{"href":"https:\/\/zonaroja.com.mx\/index.php?rest_route=%2Fwp%2Fv2%2Fmedia&parent=39702"}],"wp:term":[{"taxonomy":"category","embeddable":true,"href":"https:\/\/zonaroja.com.mx\/index.php?rest_route=%2Fwp%2Fv2%2Fcategories&post=39702"},{"taxonomy":"post_tag","embeddable":true,"href":"https:\/\/zonaroja.com.mx\/index.php?rest_route=%2Fwp%2Fv2%2Ftags&post=39702"}],"curies":[{"name":"wp","href":"https:\/\/api.w.org\/{rel}","templated":true}]}}