{"id":39707,"date":"2022-04-07T08:15:19","date_gmt":"2022-04-07T13:15:19","guid":{"rendered":"http:\/\/www.zonaroja.com.mx\/?p=39707"},"modified":"2022-04-07T08:15:21","modified_gmt":"2022-04-07T13:15:21","slug":"logra-rector-eduardo-bautista-16-mdp-para-obras-en-la-uabjo","status":"publish","type":"post","link":"https:\/\/zonaroja.com.mx\/?p=39707","title":{"rendered":"Logra rector Eduardo Bautista 16 mdp para obras en la UABJO"},"content":{"rendered":"\n<p>Redacci\u00f3n\/Zona Roja.<\/p>\n\n\n\n<p>Oaxaca de Ju\u00e1rez, Oax., 7&nbsp;de&nbsp;abril&nbsp;de 2022.- Como parte de las gestiones encabezadas por el rector de la Universidad Aut\u00f3noma \u201cBenito Ju\u00e1rez\u201d de Oaxaca, Eduardo Bautista Mart\u00ednez,&nbsp;el pasado 31 de marzo, se recibi\u00f3 la notificaci\u00f3n&nbsp;por parte&nbsp;la Secretar\u00eda de Educaci\u00f3n P\u00fablica&nbsp;(SEP), sobre la autorizaci\u00f3n de&nbsp;m\u00e1s de 16 millones de pesos,&nbsp;provenientes del Fondo de Aportaciones M\u00faltiples correspondiente al ejercicio fiscal 2022, mismos que beneficiar\u00e1n a seis Unidades Acad\u00e9micas.<\/p>\n\n\n\n<p>El documento&nbsp;enviado a trav\u00e9s de&nbsp;la Direcci\u00f3n de Fortalecimiento Institucional dependiente de&nbsp;la Direcci\u00f3n General de Educaci\u00f3n Superior Universitaria e Intercultural (DGESUI), indica que los recursos se otorgar\u00e1n en los pr\u00f3ximos d\u00edas, como respuesta a&nbsp;la solicitud de la Universidad y toda vez que los proyectos presentados cuentan con&nbsp;los elementos acad\u00e9micos&nbsp;y t\u00e9cnicos&nbsp;para&nbsp;su realizaci\u00f3n.&nbsp;<\/p>\n\n\n\n<p>Cabe mencionar que lo anterior forma parte de la&nbsp;propuesta institucional de infraestructura&nbsp;f\u00edsica, presentada en el mes de noviembre de 2021.<\/p>\n\n\n\n<p>Al respecto, el rector inform\u00f3 que con ello se beneficiar\u00e1 a estudiantes, docentes y personal administrativo de las Facultades de Bellas Artes, Medicina Veterinaria y Zootecnia, Enfermer\u00eda Huajuapan, as\u00ed como los Institutos de Investigaciones en Humanidades e Investigaciones Sociol\u00f3gicas y&nbsp;a&nbsp;la Escuela de Sistemas Biol\u00f3gicos e Innovaci\u00f3n Tecnol\u00f3gica.&nbsp;<\/p>\n\n\n\n<p>As\u00ed tambi\u00e9n,&nbsp;inform\u00f3 que el recurso ser\u00e1 destinado a&nbsp;mejoramiento y adecuaci\u00f3n de infraestructura, y construcci\u00f3n de espacios.<\/p>\n\n\n\n<p>Adem\u00e1s, para mantenimiento general y correctivo de cl\u00ednicas, laboratorios y aulas,&nbsp;equipamiento de bibliotecas, centros de c\u00f3mputo y&nbsp;de informaci\u00f3n.<\/p>\n\n\n\n<p>\u201cUno de los prop\u00f3sitos m\u00e1s importantes en este sentido,&nbsp;es la dignificaci\u00f3n de espacios,&nbsp;para incidir&nbsp;en los procesos de ense\u00f1anza-aprendizaje de forma adecuada y pertinente, fortaleciendo as\u00ed las acciones de presencialidad en las aulas\u201d, afirm\u00f3.<\/p>\n\n\n\n<p>Cabe destacar que el a\u00f1o pasado en este mismo rubro,&nbsp;con recursos provenientes del FAM 2021, se benefici\u00f3 a las Facultades de Ciencias&nbsp;Qu\u00edmicas, Derecho y Ciencias Sociales, Medicina Veterinaria y Zootecnia, Odontolog\u00eda, as\u00ed como a los Institutos de Investigaciones Sociol\u00f3gicas y Ciencias de la Educaci\u00f3n.&nbsp;<\/p>\n\n\n\n<p>De esta manera&nbsp;se contin\u00faa trabajando en favor de la comunidad estudiantil y sociedad oaxaque\u00f1a.<\/p>\n","protected":false},"excerpt":{"rendered":"<p>Redacci\u00f3n\/Zona Roja. Oaxaca de Ju\u00e1rez, Oax., 7&nbsp;de&nbsp;abril&nbsp;de 2022.- Como parte de las gestiones encabezadas por&hellip;<\/p>\n","protected":false},"author":2,"featured_media":39696,"comment_status":"closed","ping_status":"open","sticky":false,"template":"","format":"standard","meta":{"_lmt_disableupdate":"","_lmt_disable":"","_jetpack_memberships_contains_paid_content":false,"footnotes":""},"categories":[109,46],"tags":[360],"class_list":["post-39707","post","type-post","status-publish","format-standard","has-post-thumbnail","hentry","category-minuto-a-minuto","category-zona-blanca","tag-rector-eduardo-bautista-martinez"],"jetpack_featured_media_url":"https:\/\/zonaroja.com.mx\/wp-content\/uploads\/2022\/04\/UABJO-anuncia-inversion.jpg","jetpack_sharing_enabled":true,"_links":{"self":[{"href":"https:\/\/zonaroja.com.mx\/index.php?rest_route=\/wp\/v2\/posts\/39707","targetHints":{"allow":["GET"]}}],"collection":[{"href":"https:\/\/zonaroja.com.mx\/index.php?rest_route=\/wp\/v2\/posts"}],"about":[{"href":"https:\/\/zonaroja.com.mx\/index.php?rest_route=\/wp\/v2\/types\/post"}],"author":[{"embeddable":true,"href":"https:\/\/zonaroja.com.mx\/index.php?rest_route=\/wp\/v2\/users\/2"}],"replies":[{"embeddable":true,"href":"https:\/\/zonaroja.com.mx\/index.php?rest_route=%2Fwp%2Fv2%2Fcomments&post=39707"}],"version-history":[{"count":1,"href":"https:\/\/zonaroja.com.mx\/index.php?rest_route=\/wp\/v2\/posts\/39707\/revisions"}],"predecessor-version":[{"id":39708,"href":"https:\/\/zonaroja.com.mx\/index.php?rest_route=\/wp\/v2\/posts\/39707\/revisions\/39708"}],"wp:featuredmedia":[{"embeddable":true,"href":"https:\/\/zonaroja.com.mx\/index.php?rest_route=\/wp\/v2\/media\/39696"}],"wp:attachment":[{"href":"https:\/\/zonaroja.com.mx\/index.php?rest_route=%2Fwp%2Fv2%2Fmedia&parent=39707"}],"wp:term":[{"taxonomy":"category","embeddable":true,"href":"https:\/\/zonaroja.com.mx\/index.php?rest_route=%2Fwp%2Fv2%2Fcategories&post=39707"},{"taxonomy":"post_tag","embeddable":true,"href":"https:\/\/zonaroja.com.mx\/index.php?rest_route=%2Fwp%2Fv2%2Ftags&post=39707"}],"curies":[{"name":"wp","href":"https:\/\/api.w.org\/{rel}","templated":true}]}}