{"id":39711,"date":"2022-04-07T08:32:43","date_gmt":"2022-04-07T13:32:43","guid":{"rendered":"http:\/\/www.zonaroja.com.mx\/?p=39711"},"modified":"2022-04-07T08:32:44","modified_gmt":"2022-04-07T13:32:44","slug":"aseguran-76-migrantes-en-un-dia-en-la-ciudad-de-oaxaca","status":"publish","type":"post","link":"https:\/\/zonaroja.com.mx\/?p=39711","title":{"rendered":"Aseguran 76 migrantes en un d\u00eda en la ciudad de Oaxaca"},"content":{"rendered":"\n<p>Redacci\u00f3n\/Zona Roja.<\/p>\n\n\n\n<p>Oaxaca de Ju\u00e1rez, Oax., 7 de abril de 2022.- En dos hechos distintos, corporaciones municipales, estatales y federales, aseguraron a al menos 76 migrantes indocumentados, en la ciudad de Oaxaca.<\/p>\n\n\n\n<p>El primer hecho se registr\u00f3 en inmediaciones de un hotel ubicado en San Mart\u00edn Mexic\u00e1pam, donde personal del Instituto Nacional de Migraci\u00f3n recuper\u00f3 a seis personas.<\/p>\n\n\n\n<p>Mientras tanto, en un hotel de la colonia Cuauht\u00e9moc de la agencia de Santa Rosa Panzacola, recuperaron a unos 70 migrantes, que se hallaban escondidos en un pozo de agua y en el cuarto de m\u00e1quinas de un hotel.<\/p>\n\n\n\n<p>Se trata de 27 hombres y 25 mujeres, originarios de Cuba; 12 hombres y 2 mujeres provenientes de Nicaragua, y uno hombre de Venezuela, adem\u00e1s de dos mujeres adultas y un menor de edad de nacionalidad cubana en n\u00facleo familiar\u00bb, indic\u00f3 el INM.<\/p>\n\n\n\n<p>Adem\u00e1s, con apoyo de la Polic\u00eda Estatal y la Polic\u00eda Municipal, se puso a disposici\u00f3n de la Fiscal\u00eda General e la Rep\u00fablica (FGR) a un mexicano por el posible delito de tr\u00e1fico ilegal de personas.<\/p>\n\n\n\n<p>En este caso, se trat\u00f3 del hotel \u201cMar\u00eda Teresa Inn-2, ubicado en la calle 10 Norte de la colonia Cuauht\u00e9moc.<\/p>\n\n\n\n<p>Seg\u00fan la polic\u00eda municipal, su personal actu\u00f3 por una denuncia ciudadana que avisaba de probables migrantes en dicho establecimiento.<\/p>\n\n\n\n<p>Fue detenida una persona identificada como M. S. M. C., de 32 a\u00f1os de edad, quien aparentemente guiaba a las personas indocumentadas.<\/p>\n","protected":false},"excerpt":{"rendered":"<p>Redacci\u00f3n\/Zona Roja. Oaxaca de Ju\u00e1rez, Oax., 7 de abril de 2022.- En dos hechos distintos,&hellip;<\/p>\n","protected":false},"author":2,"featured_media":39712,"comment_status":"closed","ping_status":"open","sticky":false,"template":"","format":"standard","meta":{"_lmt_disableupdate":"","_lmt_disable":"","_jetpack_memberships_contains_paid_content":false,"footnotes":""},"categories":[109,46],"tags":[],"class_list":["post-39711","post","type-post","status-publish","format-standard","has-post-thumbnail","hentry","category-minuto-a-minuto","category-zona-blanca"],"jetpack_featured_media_url":"https:\/\/zonaroja.com.mx\/wp-content\/uploads\/2022\/04\/Migrantes-ciudad-de-Oaxaca.jpg","jetpack_sharing_enabled":true,"_links":{"self":[{"href":"https:\/\/zonaroja.com.mx\/index.php?rest_route=\/wp\/v2\/posts\/39711","targetHints":{"allow":["GET"]}}],"collection":[{"href":"https:\/\/zonaroja.com.mx\/index.php?rest_route=\/wp\/v2\/posts"}],"about":[{"href":"https:\/\/zonaroja.com.mx\/index.php?rest_route=\/wp\/v2\/types\/post"}],"author":[{"embeddable":true,"href":"https:\/\/zonaroja.com.mx\/index.php?rest_route=\/wp\/v2\/users\/2"}],"replies":[{"embeddable":true,"href":"https:\/\/zonaroja.com.mx\/index.php?rest_route=%2Fwp%2Fv2%2Fcomments&post=39711"}],"version-history":[{"count":1,"href":"https:\/\/zonaroja.com.mx\/index.php?rest_route=\/wp\/v2\/posts\/39711\/revisions"}],"predecessor-version":[{"id":39713,"href":"https:\/\/zonaroja.com.mx\/index.php?rest_route=\/wp\/v2\/posts\/39711\/revisions\/39713"}],"wp:featuredmedia":[{"embeddable":true,"href":"https:\/\/zonaroja.com.mx\/index.php?rest_route=\/wp\/v2\/media\/39712"}],"wp:attachment":[{"href":"https:\/\/zonaroja.com.mx\/index.php?rest_route=%2Fwp%2Fv2%2Fmedia&parent=39711"}],"wp:term":[{"taxonomy":"category","embeddable":true,"href":"https:\/\/zonaroja.com.mx\/index.php?rest_route=%2Fwp%2Fv2%2Fcategories&post=39711"},{"taxonomy":"post_tag","embeddable":true,"href":"https:\/\/zonaroja.com.mx\/index.php?rest_route=%2Fwp%2Fv2%2Ftags&post=39711"}],"curies":[{"name":"wp","href":"https:\/\/api.w.org\/{rel}","templated":true}]}}