{"id":39718,"date":"2022-04-07T14:50:18","date_gmt":"2022-04-07T19:50:18","guid":{"rendered":"http:\/\/www.zonaroja.com.mx\/?p=39718"},"modified":"2022-04-07T14:50:21","modified_gmt":"2022-04-07T19:50:21","slug":"investigan-probable-brutalidad-policiaca-en-oaxaca-capital-contra-menores","status":"publish","type":"post","link":"https:\/\/zonaroja.com.mx\/?p=39718","title":{"rendered":"Investigan probable brutalidad policiaca en Oaxaca capital contra menores"},"content":{"rendered":"\n<p>Redacci\u00f3n\/Zona Roja.<\/p>\n\n\n\n<p>Oaxaca de Ju\u00e1rez, Oax., 7 de abril de 2022.- La Defensor\u00eda de los Derechos Humanos del Pueblo de Oaxaca (DDHPO) investiga, a trav\u00e9s del expediente DDHPO\/0570\/(01)\/OAX\/2022, el aseguramiento de dos ni\u00f1os, por parte de elementos de la Polic\u00eda Municipal de Oaxaca de Ju\u00e1rez, ocurrida la noche de este martes, en el Centro Hist\u00f3rico de la capital.<\/p>\n\n\n\n<p>El organismo aut\u00f3nomo precis\u00f3 que inici\u00f3 las indagatorias de manera oficiosa, luego de que se diera a conocer a trav\u00e9s de redes sociales un video y una narraci\u00f3n, mediante la cual se informa de la detenci\u00f3n de dos ni\u00f1os dedicados a la venta de diversos productos de manera informal.<\/p>\n\n\n\n<p>Ante ello, la DDHPO verificar\u00e1 que el actuar de polic\u00edas municipales haya estado apegado a derecho y bajo protocolos de infancia, procurando la integridad f\u00edsica y psicol\u00f3gica de los ni\u00f1os, garantizando en todo momento el inter\u00e9s superior de ni\u00f1as, ni\u00f1os y adolescentes.<\/p>\n\n\n\n<figure class=\"wp-block-embed is-type-rich is-provider-twitter wp-block-embed-twitter\"><div class=\"wp-block-embed__wrapper\">\n<div class=\"twitter-tweet\"><blockquote class=\"twitter-tweet\" data-lang=\"es\"><p lang=\"es\" dir=\"ltr\">Aunque el <a href=\"https:\/\/twitter.com\/MunicipioOaxaca?ref_src=twsrc%5Etfw\">@MunicipioOaxaca<\/a> justific\u00f3 que se trat\u00f3 de un rescate por explotaci\u00f3n laboral infantil, de acuerdo con videos y denuncias ciudadanas, la polic\u00eda municipal de <a href=\"https:\/\/twitter.com\/hashtag\/Oaxaca?src=hash&amp;ref_src=twsrc%5Etfw\">#Oaxaca<\/a> de Ju\u00e1rez detuvo con exceso de violencia y de personal a dos menores en el Centro Hist\u00f3rico. <a href=\"https:\/\/t.co\/Nf2giddDqM\">pic.twitter.com\/Nf2giddDqM<\/a><\/p>&mdash; Zona Roja Oaxaca (@ZonaRoja_Oaxaca) <a href=\"https:\/\/twitter.com\/ZonaRoja_Oaxaca\/status\/1512054517382189068?ref_src=twsrc%5Etfw\">7 de abril de 2022<\/a><\/blockquote><\/div>\n<\/div><\/figure>\n\n\n\n<p>Dentro del expediente, la Defensor\u00eda solicit\u00f3 al municipio capitalino que rinda un informe sobre los motivos del aseguramiento, la situaci\u00f3n jur\u00eddica de los ni\u00f1os, los protocolos y criterios por los cuales se realizaron estas acciones, as\u00ed como las medidas implementadas para la atenci\u00f3n y protecci\u00f3n inmediatas para los ni\u00f1os; el lugar en donde fueron resguardados; as\u00ed como las acciones interinstitucionales realizadas para la atenci\u00f3n del caso.<\/p>\n\n\n\n<p>De igual forma, el organismo aut\u00f3nomo pidi\u00f3 a la Fiscal\u00eda General del Estado, que inicie la investigaci\u00f3n correspondiente en caso de que los ni\u00f1os est\u00e9n siendo v\u00edctimas del delito de trata de personas en su modalidad de explotaci\u00f3n de trabajo infantil o el delito que se configure.<\/p>\n\n\n\n<p>A la Procuradur\u00eda Estatal de Protecci\u00f3n de los Derechos de Ni\u00f1as, Ni\u00f1os y Adolescentes del Estado de Oaxaca (Prodennao), la DDHPO solicit\u00f3 que lleve a cabo acciones para el diagn\u00f3stico de la situaci\u00f3n de vulneraci\u00f3n, para garantizar la protecci\u00f3n y restituci\u00f3n integral de los derechos de ambos ni\u00f1os.<\/p>\n\n\n\n<p>(Comunicado)<\/p>\n","protected":false},"excerpt":{"rendered":"<p>Redacci\u00f3n\/Zona Roja. Oaxaca de Ju\u00e1rez, Oax., 7 de abril de 2022.- La Defensor\u00eda de los&hellip;<\/p>\n","protected":false},"author":2,"featured_media":39719,"comment_status":"closed","ping_status":"open","sticky":false,"template":"","format":"standard","meta":{"_lmt_disableupdate":"","_lmt_disable":"","_jetpack_memberships_contains_paid_content":false,"footnotes":""},"categories":[109,47],"tags":[148],"class_list":["post-39718","post","type-post","status-publish","format-standard","has-post-thumbnail","hentry","category-minuto-a-minuto","category-zona-gris","tag-oaxaca-de-juarez"],"jetpack_featured_media_url":"https:\/\/zonaroja.com.mx\/wp-content\/uploads\/2022\/04\/Brutalidad-policiaca-Oaxaca-de-Juarez.jpg","jetpack_sharing_enabled":true,"_links":{"self":[{"href":"https:\/\/zonaroja.com.mx\/index.php?rest_route=\/wp\/v2\/posts\/39718","targetHints":{"allow":["GET"]}}],"collection":[{"href":"https:\/\/zonaroja.com.mx\/index.php?rest_route=\/wp\/v2\/posts"}],"about":[{"href":"https:\/\/zonaroja.com.mx\/index.php?rest_route=\/wp\/v2\/types\/post"}],"author":[{"embeddable":true,"href":"https:\/\/zonaroja.com.mx\/index.php?rest_route=\/wp\/v2\/users\/2"}],"replies":[{"embeddable":true,"href":"https:\/\/zonaroja.com.mx\/index.php?rest_route=%2Fwp%2Fv2%2Fcomments&post=39718"}],"version-history":[{"count":1,"href":"https:\/\/zonaroja.com.mx\/index.php?rest_route=\/wp\/v2\/posts\/39718\/revisions"}],"predecessor-version":[{"id":39720,"href":"https:\/\/zonaroja.com.mx\/index.php?rest_route=\/wp\/v2\/posts\/39718\/revisions\/39720"}],"wp:featuredmedia":[{"embeddable":true,"href":"https:\/\/zonaroja.com.mx\/index.php?rest_route=\/wp\/v2\/media\/39719"}],"wp:attachment":[{"href":"https:\/\/zonaroja.com.mx\/index.php?rest_route=%2Fwp%2Fv2%2Fmedia&parent=39718"}],"wp:term":[{"taxonomy":"category","embeddable":true,"href":"https:\/\/zonaroja.com.mx\/index.php?rest_route=%2Fwp%2Fv2%2Fcategories&post=39718"},{"taxonomy":"post_tag","embeddable":true,"href":"https:\/\/zonaroja.com.mx\/index.php?rest_route=%2Fwp%2Fv2%2Ftags&post=39718"}],"curies":[{"name":"wp","href":"https:\/\/api.w.org\/{rel}","templated":true}]}}