{"id":3972,"date":"2019-09-14T19:32:56","date_gmt":"2019-09-15T00:32:56","guid":{"rendered":"http:\/\/www.zonaroja.com.mx\/?p=3972"},"modified":"2019-09-14T19:39:52","modified_gmt":"2019-09-15T00:39:52","slug":"entre-anecdotas-aplausos-y-recuerdos-rinden-homenaje-a-pedro-pinon","status":"publish","type":"post","link":"https:\/\/zonaroja.com.mx\/?p=3972","title":{"rendered":"Entre an\u00e9cdotas, aplausos y recuerdos, rinden homenaje a Pedro Pi\u00f1\u00f3n"},"content":{"rendered":"\n<p>Ismael\nGarc\u00eda M.\/Zona Roja.<\/p>\n\n\n\n<p>Oaxaca de\nJu\u00e1rez, Oax., 14 de septiembre de 2019.- Bromista siempre, a Pedro Pi\u00f1\u00f3n\nRustri\u00e1n lo despidieron como le habr\u00eda gustado: entre an\u00e9cdotas y aplausos.<\/p>\n\n\n\n<p>\u201cLo\nconocimos en la d\u00e9cada de los 70, a todo le quitaba lo solemne; lo tr\u00e1gico lo\nconvert\u00eda en c\u00f3mico. Siempre estaba con mucho humor, con mucha simpat\u00eda, jam\u00e1s\nlo vi expresarse mal de nadie\u201d, cont\u00f3 Carlos Cervantes.<\/p>\n\n\n\n<p>Fue en la sede de la Asociaci\u00f3n de Periodistas de Oaxaca (APO), en la capital del estado, donde se le rindi\u00f3 hoy un homenaje, con la presencia de una urna y sus restos, as\u00ed como de su hermano Arturo Pi\u00f1\u00f3n, entre otros familiares.<\/p>\n\n\n\n<figure class=\"wp-block-embed-twitter wp-block-embed is-type-rich is-provider-twitter\"><div class=\"wp-block-embed__wrapper\">\n<div class=\"twitter-tweet\"><blockquote class=\"twitter-tweet\" data-lang=\"es\"><p lang=\"es\" dir=\"ltr\">En el sentido homenaje al periodista Pedro Pi\u00f1\u00f3n Rustri\u00e1n, el destacado cartonista Mario Robles (<a href=\"https:\/\/twitter.com\/marionoticias?ref_src=twsrc%5Etfw\">@marionoticias<\/a>) dedic\u00f3 un poema al colega fallecido, durante el homenaje que se le rindi\u00f3 en la sede de la <a href=\"https:\/\/twitter.com\/apooax40?ref_src=twsrc%5Etfw\">@apooax40<\/a>. <a href=\"https:\/\/t.co\/3B0Lj6GAgD\">pic.twitter.com\/3B0Lj6GAgD<\/a><\/p>&mdash; Zona Roja Oaxaca (@MexRoja) <a href=\"https:\/\/twitter.com\/MexRoja\/status\/1172958493038374912?ref_src=twsrc%5Etfw\">14 de septiembre de 2019<\/a><\/blockquote><\/div>\n<\/div><\/figure>\n\n\n\n<p>Una\ntreintena de sus viejos colegas le rindi\u00f3 un segundo reconocimiento, ahora tras\nsu deceso ocurrido ayer viernes. <\/p>\n\n\n\n<p>Maricruz\nMart\u00ednez y Antonio Guti\u00e9rrez Sumano, dirigentes del gremio, presidieron la\nreuni\u00f3n, en que se pas\u00f3 pase de lista de los socios, entre ellos el periodista\nacaecido. \u201c\u00a1Pedro Pi\u00f1\u00f3n Rustri\u00e1n! \u00a1Presente! \u00a1Pedro Pi\u00f1\u00f3n Rustri\u00e1n! \u00a1Presente! \u00a1Pedro\nPi\u00f1\u00f3n Rustri\u00e1n! \u00a1Presente!\u201d.<\/p>\n\n\n\n<p>Originario\nde Santo Domingo Tehuanteoec, Pedro Pi\u00f1\u00f3n fue editor y por muchos a\u00f1os\ncolumnista en el diario \u201cEl Extra de Oaxaca\u201d. <\/p>\n\n\n\n<p>Colabor\u00f3, entre otros, en \u201cEl Fogonazo\u201d, \u201cEl Informador de\nOaxaca\u201d, \u201cEl Sol de Oaxaca\u201d, y durante dos a\u00f1os en \u201cNoticias, Voz e Imagen de\nOaxaca\u201d.<\/p>\n\n\n\n<p>\u201cAntes de ser parte del comit\u00e9 directivo, me habl\u00f3 Pedro; me dijo, \u00e9chale ganas, y To\u00f1o, es el momento de la reconciliaci\u00f3n; si acaso se dieron agravios, hay que olvidarlos, borrarlos, hay que hacer de la Asociaci\u00f3n lo que fue el sue\u00f1o de hace muchos a\u00f1os\u201d.<\/p>\n\n\n\n<figure class=\"wp-block-embed-twitter wp-block-embed is-type-rich is-provider-twitter\"><div class=\"wp-block-embed__wrapper\">\n<div class=\"twitter-tweet\"><blockquote class=\"twitter-tweet\" data-lang=\"es\"><p lang=\"es\" dir=\"ltr\">\u00a1Pedro Pi\u00f1\u00f3n Rustri\u00e1n! \u00a1Presente! \u00a1Pedro Pi\u00f1\u00f3n Rustri\u00e1n! \u00a1Presente! <br>Entre aplausos y con el pase de lista fue homenajeado y despedido hoy en la <a href=\"https:\/\/twitter.com\/apooax40?ref_src=twsrc%5Etfw\">@apooax40<\/a> el estimado periodista, conocido como \u201cPalmiro Palmas\u201d. <a href=\"https:\/\/twitter.com\/Betillocruz?ref_src=twsrc%5Etfw\">@Betillocruz<\/a> <a href=\"https:\/\/twitter.com\/plumastecolote?ref_src=twsrc%5Etfw\">@plumastecolote<\/a> <a href=\"https:\/\/twitter.com\/nathanoax?ref_src=twsrc%5Etfw\">@nathanoax<\/a> <a href=\"https:\/\/twitter.com\/escaparate_oax?ref_src=twsrc%5Etfw\">@escaparate_oax<\/a> <a href=\"https:\/\/t.co\/nOYZ1qmX5F\">pic.twitter.com\/nOYZ1qmX5F<\/a><\/p>&mdash; Zona Roja Oaxaca (@MexRoja) <a href=\"https:\/\/twitter.com\/MexRoja\/status\/1172953055219699712?ref_src=twsrc%5Etfw\">14 de septiembre de 2019<\/a><\/blockquote><\/div>\n<\/div><\/figure>\n\n\n\n<p>Esa fue su\nrecomendaci\u00f3n que dio a &nbsp;Guti\u00e9rrez Sumano,\nal rememor\u00f3 \u00e9ste a Pi\u00f1\u00f3n; en seguida, convoc\u00f3 a tomar en cuenta la\nrecomendaci\u00f3n de Pedro Pi\u00f1\u00f3n, a reivindicar el ejercicio period\u00edstico y a\nfortalecer la unidad en la APO.<\/p>\n\n\n\n<p>Fernando\nMimiaga, uno de los amigos del fallecido periodista, narr\u00f3 tambi\u00e9n varios\npasajes y una frase que los distingu\u00eda: \u201cla juventud act\u00faa, la revoluci\u00f3n\navanza\u201d.<\/p>\n\n\n\n<p>El\ncaricaturista Mario Robles habl\u00f3 de las m\u00e1s de cuatro d\u00e9cadas de conocer a\nPedro Pi\u00f1\u00f3n, que lo recibi\u00f3 en el periodismo el 17 de junio de 1981.<\/p>\n\n\n\n<p>Cuando se\nrenov\u00f3 la dirigencia de la APO, \u201cme habla y me dice: este es el momento de la\nreconciliaci\u00f3n Mario, tienes que convocar a todos los compa\u00f1eros porque tenemos\nque unir\u201d, narr\u00f3 que le dijo el periodista. Tras ello, declam\u00f3 un poema de\nEl\u00edas Nandino.<\/p>\n\n\n\n<p>Luego vinieron\nlas guardias de honor ante la urna del finado, autor por muchos a\u00f1os de la\ncolumna \u201cCorrespondencia privada\u201d, que firmaba como \u201cPalmiro Palmas\u201d.<\/p>\n\n\n\n<p>Tras ello, se coloc\u00f3 su fotograf\u00eda en el muro de honor, como socio fundador de la Asociaci\u00f3n de Periodistas de Oaxaca, y de nuevo sus restos fueron despedidos con aplausos.<\/p>\n\n\n\n<figure class=\"wp-block-embed-twitter wp-block-embed is-type-rich is-provider-twitter\"><div class=\"wp-block-embed__wrapper\">\n<div class=\"twitter-tweet\"><blockquote class=\"twitter-tweet\" data-lang=\"es\"><p lang=\"es\" dir=\"ltr\">Tras el homenaje, en el muro de honor de la sede de la <a href=\"https:\/\/twitter.com\/apooax40?ref_src=twsrc%5Etfw\">@apooax40<\/a> fue colocada la fotograf\u00eda de Pedro Pi\u00f1\u00f3n Rustri\u00e1n; sus familiares se retiraron con los restos del periodista, acaecido ayer. <a href=\"https:\/\/t.co\/T9BqtAtYk7\">pic.twitter.com\/T9BqtAtYk7<\/a><\/p>&mdash; Zona Roja Oaxaca (@MexRoja) <a href=\"https:\/\/twitter.com\/MexRoja\/status\/1172967225629609984?ref_src=twsrc%5Etfw\">14 de septiembre de 2019<\/a><\/blockquote><\/div>\n<\/div><\/figure>\n","protected":false},"excerpt":{"rendered":"<p>Ismael Garc\u00eda M.\/Zona Roja. Oaxaca de Ju\u00e1rez, Oax., 14 de septiembre de 2019.- Bromista siempre,&hellip;<\/p>\n","protected":false},"author":2,"featured_media":3974,"comment_status":"closed","ping_status":"open","sticky":false,"template":"","format":"standard","meta":{"_lmt_disableupdate":"","_lmt_disable":"","_jetpack_memberships_contains_paid_content":false,"footnotes":""},"categories":[109,46],"tags":[712,713],"class_list":["post-3972","post","type-post","status-publish","format-standard","has-post-thumbnail","hentry","category-minuto-a-minuto","category-zona-blanca","tag-asociacion-de-periodistas-de-oaxaca","tag-pedro-pinon-rustrian"],"jetpack_featured_media_url":"https:\/\/zonaroja.com.mx\/wp-content\/uploads\/2019\/09\/eZy-Watermark_14-09-2019_07-25-01p.-m..jpg","jetpack_sharing_enabled":true,"_links":{"self":[{"href":"https:\/\/zonaroja.com.mx\/index.php?rest_route=\/wp\/v2\/posts\/3972","targetHints":{"allow":["GET"]}}],"collection":[{"href":"https:\/\/zonaroja.com.mx\/index.php?rest_route=\/wp\/v2\/posts"}],"about":[{"href":"https:\/\/zonaroja.com.mx\/index.php?rest_route=\/wp\/v2\/types\/post"}],"author":[{"embeddable":true,"href":"https:\/\/zonaroja.com.mx\/index.php?rest_route=\/wp\/v2\/users\/2"}],"replies":[{"embeddable":true,"href":"https:\/\/zonaroja.com.mx\/index.php?rest_route=%2Fwp%2Fv2%2Fcomments&post=3972"}],"version-history":[{"count":1,"href":"https:\/\/zonaroja.com.mx\/index.php?rest_route=\/wp\/v2\/posts\/3972\/revisions"}],"predecessor-version":[{"id":3973,"href":"https:\/\/zonaroja.com.mx\/index.php?rest_route=\/wp\/v2\/posts\/3972\/revisions\/3973"}],"wp:featuredmedia":[{"embeddable":true,"href":"https:\/\/zonaroja.com.mx\/index.php?rest_route=\/wp\/v2\/media\/3974"}],"wp:attachment":[{"href":"https:\/\/zonaroja.com.mx\/index.php?rest_route=%2Fwp%2Fv2%2Fmedia&parent=3972"}],"wp:term":[{"taxonomy":"category","embeddable":true,"href":"https:\/\/zonaroja.com.mx\/index.php?rest_route=%2Fwp%2Fv2%2Fcategories&post=3972"},{"taxonomy":"post_tag","embeddable":true,"href":"https:\/\/zonaroja.com.mx\/index.php?rest_route=%2Fwp%2Fv2%2Ftags&post=3972"}],"curies":[{"name":"wp","href":"https:\/\/api.w.org\/{rel}","templated":true}]}}