{"id":39731,"date":"2022-04-07T20:19:14","date_gmt":"2022-04-08T01:19:14","guid":{"rendered":"http:\/\/www.zonaroja.com.mx\/?p=39731"},"modified":"2022-04-07T20:19:16","modified_gmt":"2022-04-08T01:19:16","slug":"enesimo-brote-de-protestas-en-oaxaca-contra-gobiernos-municipal-y-estatal","status":"publish","type":"post","link":"https:\/\/zonaroja.com.mx\/?p=39731","title":{"rendered":"En\u00e9simo brote de protestas en Oaxaca contra gobiernos municipal y estatal"},"content":{"rendered":"\n<p>Yuridiana Sosa\/Zona Roja.<\/p>\n\n\n\n<p>Oaxaca de Ju\u00e1rez, Oax., 7 de abril de 2022.- Al menos unas siete protestas se registraron este jueves en la entidad, principalmente en la capital, donde ciudadanos de distintos sectores se manifestaron contra el gobierno estatal y el ayuntamiento de Oaxaca de Ju\u00e1rez.<\/p>\n\n\n\n<p>Por segundo d\u00eda consecutivo, la Red de Mujeres V\u00edctima de la Violencia (Remuvi) se manifest\u00f3 frente a palacio municipal de la capital para denunciar atropellos de las autoridades que encabeza Francisco Mart\u00ednez Neri contra mujeres cocineras del Centro Hist\u00f3rico.<\/p>\n\n\n\n<p>Las afectadas denunciaron que representantes del ayuntamiento s\u00f3lo simularon ayer una atenci\u00f3n a su demanda de poder vender los mi\u00e9rcoles en las noches, desde sus puestos fijos y semifijos, como lo hacen desde hace m\u00e1s de 20 a\u00f1os, pero por el operativo de \u201cmi\u00e9rcoles sin ambulantes\u201d, les negaron su estancia para laborar.<\/p>\n\n\n\n<p>Son vendedoras que s\u00f3lo se instalan a partir de la tarde para ofrecer cenas tradicionales y las cuales han sido motivo de atracci\u00f3n del turismo en calles del centro de la ciudad, por lo que esta restricci\u00f3n les podr\u00eda afectar en esta temporada vacacional.<\/p>\n\n\n\n<p>Sof\u00eda Mart\u00ednez, defensora de derecho de las mujeres, lament\u00f3 que al interior del ayuntamiento tambi\u00e9n se viva de violencia de g\u00e9nero en la toma de decisiones, pues la directora de Comercio en la V\u00eda P\u00fablica, Viviana Garc\u00eda, expres\u00f3 que las determinaciones de este conflicto s\u00f3lo las pueden tomar \u201ccargos superiores\u201d a ella.<\/p>\n\n\n\n<figure class=\"wp-block-embed is-type-rich is-provider-twitter wp-block-embed-twitter\"><div class=\"wp-block-embed__wrapper\">\n<div class=\"twitter-tweet\"><blockquote class=\"twitter-tweet\" data-lang=\"es\"><p lang=\"es\" dir=\"ltr\"><a href=\"https:\/\/twitter.com\/hashtag\/ENVIVO?src=hash&amp;ref_src=twsrc%5Etfw\">#ENVIVO<\/a><br>Oaxaca de Ju\u00e1rez, Oax., 7 de abril de 2022.- Se acumulan protestas al edil de Oaxaca de Ju\u00e1rez, <a href=\"https:\/\/twitter.com\/FMartinezNeri?ref_src=twsrc%5Etfw\">@FMartinezNeri<\/a>; ahora de nuevo Red de Mujeres V\u00edctima de la Violencia (<a href=\"https:\/\/twitter.com\/RedRemuvi?ref_src=twsrc%5Etfw\">@RedRemuvi<\/a>) y comerciantes, que lo acusan de enga\u00f1os. <br>Transmisi\u00f3n aqu\u00ed:<br>\ud83d\udc47<a href=\"https:\/\/t.co\/aYgsSY1x0f\">https:\/\/t.co\/aYgsSY1x0f<\/a> <a href=\"https:\/\/t.co\/afNnc91NFt\">pic.twitter.com\/afNnc91NFt<\/a><\/p>&mdash; Zona Roja Oaxaca (@ZonaRoja_Oaxaca) <a href=\"https:\/\/twitter.com\/ZonaRoja_Oaxaca\/status\/1512140296464838663?ref_src=twsrc%5Etfw\">7 de abril de 2022<\/a><\/blockquote><\/div>\n<\/div><\/figure>\n\n\n\n<p>M\u00c1S PROTESTAS<\/p>\n\n\n\n<p>En el z\u00f3calo de la capital se registraron otras manifestaciones, ahora contra autoridades de la Comisi\u00f3n Estatal de Vivienda (Levi) y el Instituto Oaxaque\u00f1o Constructor de Infraestructura F\u00edsica Educativa (IOCIFED).<\/p>\n\n\n\n<p>Estudiantes del Instituto Tecnol\u00f3gico de Oaxaca denunciaron enga\u00f1os en la compra de equipos por parte del IOCIFED, quien ha otorgado equipos de mala calidad, por lo que ante una pr\u00f3xima entrega, pendiente, exigieron que sean de excelente calidad para que los alumnos puedan tener un mejor aprovechamiento.<\/p>\n\n\n\n<p>Detallaron que existe un presupuesto autorizado de 8.5 millones de pesos para el equipamiento, apuntaron los alumnos, quienes temen que estos sean desviados a la campa\u00f1a de la gubernatura del estado y nuevamente les entreguen material obsoleto o hechizo.<\/p>\n\n\n\n<figure class=\"wp-block-embed is-type-rich is-provider-twitter wp-block-embed-twitter\"><div class=\"wp-block-embed__wrapper\">\n<div class=\"twitter-tweet\"><blockquote class=\"twitter-tweet\" data-lang=\"es\"><p lang=\"es\" dir=\"ltr\"><a href=\"https:\/\/twitter.com\/hashtag\/%C3%9AltimoMinuto?src=hash&amp;ref_src=twsrc%5Etfw\">#\u00daltimoMinuto<\/a> <br>Una m\u00e1s: ahora estudiantes del Instituto Tecnol\u00f3gico de Oaxaca protestan en el z\u00f3calo de la capital, para denunciar enga\u00f1os del @IOCIFED_GobOaxen entrega de equipos. <a href=\"https:\/\/t.co\/GGqcy5X2E8\">pic.twitter.com\/GGqcy5X2E8<\/a><\/p>&mdash; Zona Roja Oaxaca (@ZonaRoja_Oaxaca) <a href=\"https:\/\/twitter.com\/ZonaRoja_Oaxaca\/status\/1512123859012665344?ref_src=twsrc%5Etfw\">7 de abril de 2022<\/a><\/blockquote><\/div>\n<\/div><\/figure>\n\n\n\n<p>En otro punto de la plaza, frente a Palacio de Gobierno, vecinos de distintas colonias de Oaxaca de Ju\u00e1rez se manifestaron para exigir a la Cevi el pago de siete millones 600 mil pesos que debe al proyecto de vivienda a favor de 172 familias.<\/p>\n\n\n\n<p>La representante de los afectados, Mar\u00eda P\u00e9rez, se\u00f1al\u00f3 que desde hace dos a\u00f1os inici\u00f3 la construcci\u00f3n de las casas como parte de un programa donde una fundaci\u00f3n nacional intervino, para lo cual las familias pagaron 17 mil pesos y el resto era aportaci\u00f3n de la asociaci\u00f3n y el gobierno del estado, pero este \u00faltimo no ha cumplido.<\/p>\n\n\n\n<p>Las casas se encuentran en un 80 por ciento de avance, pero las personas beneficiadas con el proyecto temen que no se terminen ante la desatenci\u00f3n de CEVI a este problema.<\/p>\n\n\n\n<figure class=\"wp-block-embed is-type-rich is-provider-twitter wp-block-embed-twitter\"><div class=\"wp-block-embed__wrapper\">\n<div class=\"twitter-tweet\"><blockquote class=\"twitter-tweet\" data-lang=\"es\"><p lang=\"es\" dir=\"ltr\"><a href=\"https:\/\/twitter.com\/hashtag\/%C3%9AltimoMinuto?src=hash&amp;ref_src=twsrc%5Etfw\">#\u00daltimoMinuto<\/a> <br>En\u00e9sima protesta en la ciudad de <a href=\"https:\/\/twitter.com\/hashtag\/Oaxaca?src=hash&amp;ref_src=twsrc%5Etfw\">#Oaxaca<\/a>, ahora por parte de colonos contra la <a href=\"https:\/\/twitter.com\/Cevi_GobOax?ref_src=twsrc%5Etfw\">@Cevi_GobOax<\/a>, que incumple con apoyos para vivienda. <a href=\"https:\/\/t.co\/f3mBaZbUmy\">pic.twitter.com\/f3mBaZbUmy<\/a><\/p>&mdash; Zona Roja Oaxaca (@ZonaRoja_Oaxaca) <a href=\"https:\/\/twitter.com\/ZonaRoja_Oaxaca\/status\/1512100893335949321?ref_src=twsrc%5Etfw\">7 de abril de 2022<\/a><\/blockquote><\/div>\n<\/div><\/figure>\n\n\n\n<p>OTRAS PROTESTAS<\/p>\n\n\n\n<p>Trabajadores del Hospital Civil \u201cDr. Aurelio Valdivieso\u201d, de los SSO, adheridos a la Secci\u00f3n 35 del Sindicato Nacional de Trabajadores de Salud (SNTSA) mantienen \u201ctomada\u201d las oficinas de gobierno del nosocomio ante la problem\u00e1tica que se gener\u00f3 por un supuesto traslado al Hospital de la Mujer y Ni\u00f1o Oaxaque\u00f1o en San Bartolo Coyotepec.<\/p>\n\n\n\n<p>En tanto, la ola de inconformidad tambi\u00e9n lleg\u00f3 al Congreso de Oaxaca, donde trabajadores de base se manifestaron para exigir que no se otorguen m\u00e1s plazas sindicales en este centro de trabajo, lo cual a pesar que ya era un acuerdo con la autoridad han notado la presencia de bases piratas.<\/p>\n\n\n\n<p>Los bur\u00f3cratas exigieron a la presidenta de la Junta de Coordinaci\u00f3n Pol\u00edtica, Laura Estrada Mauro, evite la entrega de plazas a espaldas de los trabajadores, pues ya se ha vuelto una costumbre la herencia de espacios.<\/p>\n\n\n\n<figure class=\"wp-block-embed is-type-rich is-provider-twitter wp-block-embed-twitter\"><div class=\"wp-block-embed__wrapper\">\n<div class=\"twitter-tweet\"><blockquote class=\"twitter-tweet\" data-lang=\"es\"><p lang=\"es\" dir=\"ltr\"><a href=\"https:\/\/twitter.com\/hashtag\/%C3%9AltimoMinuto?src=hash&amp;ref_src=twsrc%5Etfw\">#\u00daltimoMinuto<\/a> <br>Las intensas protestas alcanzaron tambi\u00e9n al <a href=\"https:\/\/twitter.com\/CongresoOaxaca_?ref_src=twsrc%5Etfw\">@CongresoOaxaca_<\/a>.<br>Sindicalizados exigen a la presidenta de la Junta de Coordinaci\u00f3n Pol\u00edtica, <a href=\"https:\/\/twitter.com\/LauraEstradaMau?ref_src=twsrc%5Etfw\">@LauraEstradaMau<\/a>, no se otorguen basificaciones a espaldas de los trabajadores. <a href=\"https:\/\/t.co\/yOjJtgpptr\">pic.twitter.com\/yOjJtgpptr<\/a><\/p>&mdash; Zona Roja Oaxaca (@ZonaRoja_Oaxaca) <a href=\"https:\/\/twitter.com\/ZonaRoja_Oaxaca\/status\/1512080511019089936?ref_src=twsrc%5Etfw\">7 de abril de 2022<\/a><\/blockquote><\/div>\n<\/div><\/figure>\n\n\n\n<p>Por otra parte, en la regi\u00f3n del Istmo, por segundo d\u00eda consecutivo, habitantes de San Miguel Chimalapas bloquearon la carretera Panamericana que comunica al Istmo con Chiapas, en inmediaciones de Zanatepec, para denunciar las desatenciones de la Secretar\u00eda General de Gobierno y demandar la intervenci\u00f3n del Gobierno de M\u00e9xico para el cumplimiento de sus demandas de car\u00e1cter de vivienda, salud, caminos y programas de Bienestar.<\/p>\n\n\n\n<p>Por la tarde retiraron la protesta; sin embargo, en el Istmo contin\u00faan al menos otros dos bloqueos, uno en el acceso a Santo Domingo Tehuantepec y otro en la v\u00eda federal 190, en el tramo&nbsp;<\/p>\n","protected":false},"excerpt":{"rendered":"<p>Yuridiana Sosa\/Zona Roja. Oaxaca de Ju\u00e1rez, Oax., 7 de abril de 2022.- Al menos unas&hellip;<\/p>\n","protected":false},"author":2,"featured_media":39729,"comment_status":"closed","ping_status":"open","sticky":false,"template":"","format":"standard","meta":{"_lmt_disableupdate":"","_lmt_disable":"","_jetpack_memberships_contains_paid_content":false,"footnotes":""},"categories":[109,47],"tags":[2254],"class_list":["post-39731","post","type-post","status-publish","format-standard","has-post-thumbnail","hentry","category-minuto-a-minuto","category-zona-gris","tag-protestas-y-bloqueos-oaxaca"],"jetpack_featured_media_url":"https:\/\/zonaroja.com.mx\/wp-content\/uploads\/2022\/04\/Protesta-comercianres-Redmuvi-Oaxaca.jpg","jetpack_sharing_enabled":true,"_links":{"self":[{"href":"https:\/\/zonaroja.com.mx\/index.php?rest_route=\/wp\/v2\/posts\/39731","targetHints":{"allow":["GET"]}}],"collection":[{"href":"https:\/\/zonaroja.com.mx\/index.php?rest_route=\/wp\/v2\/posts"}],"about":[{"href":"https:\/\/zonaroja.com.mx\/index.php?rest_route=\/wp\/v2\/types\/post"}],"author":[{"embeddable":true,"href":"https:\/\/zonaroja.com.mx\/index.php?rest_route=\/wp\/v2\/users\/2"}],"replies":[{"embeddable":true,"href":"https:\/\/zonaroja.com.mx\/index.php?rest_route=%2Fwp%2Fv2%2Fcomments&post=39731"}],"version-history":[{"count":1,"href":"https:\/\/zonaroja.com.mx\/index.php?rest_route=\/wp\/v2\/posts\/39731\/revisions"}],"predecessor-version":[{"id":39732,"href":"https:\/\/zonaroja.com.mx\/index.php?rest_route=\/wp\/v2\/posts\/39731\/revisions\/39732"}],"wp:featuredmedia":[{"embeddable":true,"href":"https:\/\/zonaroja.com.mx\/index.php?rest_route=\/wp\/v2\/media\/39729"}],"wp:attachment":[{"href":"https:\/\/zonaroja.com.mx\/index.php?rest_route=%2Fwp%2Fv2%2Fmedia&parent=39731"}],"wp:term":[{"taxonomy":"category","embeddable":true,"href":"https:\/\/zonaroja.com.mx\/index.php?rest_route=%2Fwp%2Fv2%2Fcategories&post=39731"},{"taxonomy":"post_tag","embeddable":true,"href":"https:\/\/zonaroja.com.mx\/index.php?rest_route=%2Fwp%2Fv2%2Ftags&post=39731"}],"curies":[{"name":"wp","href":"https:\/\/api.w.org\/{rel}","templated":true}]}}