{"id":39742,"date":"2022-04-08T06:41:43","date_gmt":"2022-04-08T11:41:43","guid":{"rendered":"http:\/\/www.zonaroja.com.mx\/?p=39742"},"modified":"2022-04-08T06:42:02","modified_gmt":"2022-04-08T11:42:02","slug":"ajustan-casos-de-covid-en-oaxaca-quitan-188-contagiados-y-3-muertos","status":"publish","type":"post","link":"https:\/\/zonaroja.com.mx\/?p=39742","title":{"rendered":"Ajustan casos de Covid en Oaxaca: quitan 188 contagiados y 3 muertos"},"content":{"rendered":"\n<p>Redacci\u00f3n\/Zona Roja.<\/p>\n\n\n\n<p>Oaxaca de Ju\u00e1rez, Oax., 8 de abril de 2022.- Los Servicios de Salud de Oaxaca (SSO) informan que el Sistema de Vigilancia Epidemiol\u00f3gica de Enfermedades Respiratorias (Sisver), a nivel nacional se encuentra en un proceso de actualizaci\u00f3n y verificaci\u00f3n de notificaciones de casos de Covid-19, en seguimiento anual del programa.<\/p>\n\n\n\n<p>Por lo anterior, hay variaciones y rectificaci\u00f3n de personas positivas duplicadas en los informes diarios. Se prev\u00e9 que en un par de semanas quedar\u00e1 supervisado minuciosamente las estad\u00edsticas estatales, ya que es una actualizaci\u00f3n integral a nivel nacional, se\u00f1al\u00f3 la dependencia.<\/p>\n\n\n\n<p>De ah\u00ed que, en el informe de este 7 de abril, la entidad acumul\u00f3 119 mil 330 casos positivos del SARS-CoV-2, mientras que la cifra de muertes se ubic\u00f3 en seis mil 143. Estas cifras ya integran la rectificaci\u00f3n de 188 casos duplicados y tres defunciones.<\/p>\n\n\n\n<p>La dependencia inform\u00f3 que actualmente hay 165 pacientes activos ubicados en 25 municipios, 113 mil 022 personas recuperadas, y en esta jornada se agreg\u00f3 un caso nuevo en Abejones y uno m\u00e1s en San Dionisio del Mar, as\u00ed tambi\u00e9n se notific\u00f3 una defunci\u00f3n en la Jurisdicci\u00f3n Sanitaria de la Costa.<\/p>\n\n\n\n<p>Indic\u00f3 que cuatro pacientes fueron ingresados a hospitalizaci\u00f3n, cuatro hospitales se encuentran al 100% de su capacidad, por lo que la red hospitalaria presenta 91.3% de disponibilidad de camas para la atenci\u00f3n de pacientes que requieren cuidado especializado.<\/p>\n\n\n\n<p>Valles Centrales report\u00f3 un total de 72 mil 858 acumulados y dos mil 676 defunciones; Istmo 16 mil 676 acumulados y mil 350 defunciones; Tuxtepec ocho mil 966 acumulados y 619 defunciones; Costa ocho mil 287 acumulados y 515 defunciones; Mixteca ocho mil 715 acumulados y 641 defunciones; Sierra tres mil 828 acumulados y 342 defunciones.<\/p>\n\n\n\n<p>Por Jurisdicciones Sanitarias, Tuxtepec presenta el mayor n\u00famero de pacientes que enfermaron en los \u00faltimos 14 d\u00edas con 82 notificaciones, Valles Centrales con 32, Istmo con 38, Costa con 10, Sierra con dos y Mixteca con uno.<\/p>\n\n\n\n<p>La dependencia destac\u00f3 que se deben mantener las medidas preventivas contra la pandemia para no acelerar la incidencia de casos, es necesario continuar con el uso del cubrebocas, ventilar los espacios cerrados y evitar lugares aglomerados.<\/p>\n\n\n\n<p>(Comunicado)<\/p>\n","protected":false},"excerpt":{"rendered":"<p>Redacci\u00f3n\/Zona Roja. Oaxaca de Ju\u00e1rez, Oax., 8 de abril de 2022.- Los Servicios de Salud&hellip;<\/p>\n","protected":false},"author":2,"featured_media":39743,"comment_status":"closed","ping_status":"open","sticky":false,"template":"","format":"standard","meta":{"_lmt_disableupdate":"","_lmt_disable":"","_jetpack_memberships_contains_paid_content":false,"footnotes":""},"categories":[109,47],"tags":[1512],"class_list":["post-39742","post","type-post","status-publish","format-standard","has-post-thumbnail","hentry","category-minuto-a-minuto","category-zona-gris","tag-coronavirus-oaxaca"],"jetpack_featured_media_url":"https:\/\/zonaroja.com.mx\/wp-content\/uploads\/2022\/04\/Casos-Covid-Oaxaca-7-abril.jpg","jetpack_sharing_enabled":true,"_links":{"self":[{"href":"https:\/\/zonaroja.com.mx\/index.php?rest_route=\/wp\/v2\/posts\/39742","targetHints":{"allow":["GET"]}}],"collection":[{"href":"https:\/\/zonaroja.com.mx\/index.php?rest_route=\/wp\/v2\/posts"}],"about":[{"href":"https:\/\/zonaroja.com.mx\/index.php?rest_route=\/wp\/v2\/types\/post"}],"author":[{"embeddable":true,"href":"https:\/\/zonaroja.com.mx\/index.php?rest_route=\/wp\/v2\/users\/2"}],"replies":[{"embeddable":true,"href":"https:\/\/zonaroja.com.mx\/index.php?rest_route=%2Fwp%2Fv2%2Fcomments&post=39742"}],"version-history":[{"count":2,"href":"https:\/\/zonaroja.com.mx\/index.php?rest_route=\/wp\/v2\/posts\/39742\/revisions"}],"predecessor-version":[{"id":39745,"href":"https:\/\/zonaroja.com.mx\/index.php?rest_route=\/wp\/v2\/posts\/39742\/revisions\/39745"}],"wp:featuredmedia":[{"embeddable":true,"href":"https:\/\/zonaroja.com.mx\/index.php?rest_route=\/wp\/v2\/media\/39743"}],"wp:attachment":[{"href":"https:\/\/zonaroja.com.mx\/index.php?rest_route=%2Fwp%2Fv2%2Fmedia&parent=39742"}],"wp:term":[{"taxonomy":"category","embeddable":true,"href":"https:\/\/zonaroja.com.mx\/index.php?rest_route=%2Fwp%2Fv2%2Fcategories&post=39742"},{"taxonomy":"post_tag","embeddable":true,"href":"https:\/\/zonaroja.com.mx\/index.php?rest_route=%2Fwp%2Fv2%2Ftags&post=39742"}],"curies":[{"name":"wp","href":"https:\/\/api.w.org\/{rel}","templated":true}]}}