{"id":39749,"date":"2022-04-08T07:31:50","date_gmt":"2022-04-08T12:31:50","guid":{"rendered":"http:\/\/www.zonaroja.com.mx\/?p=39749"},"modified":"2022-04-08T07:31:51","modified_gmt":"2022-04-08T12:31:51","slug":"o-seguimos-en-el-atraso-social-o-salimos-juntos-adelante-salomon-jara","status":"publish","type":"post","link":"https:\/\/zonaroja.com.mx\/?p=39749","title":{"rendered":"O seguimos en el atraso social o salimos juntos adelante: Salom\u00f3n Jara"},"content":{"rendered":"\n<p>Redacci\u00f3n\/Zona Roja.<\/p>\n\n\n\n<p>Oaxaca de Ju\u00e1rez, Oax., 8 de abril de 2022.- El candidato a gobernador de la coalici\u00f3n Morena-PT-PVEM-PUP \u00abJuntos Hacemos Historia\u00bb, Salom\u00f3n Jara Cruz, asegur\u00f3 que el gran desaf\u00edo del pr\u00f3ximo gobierno ser\u00e1 salir juntos, y de una vez por todas, del retraso social \u00aben el cual nos han dejado los mismos de siempre\u00bb.<\/p>\n\n\n\n<p>Durante su quinto d\u00eda de actividades, que lo llevo a recorrer cuatro municipios de la Mixteca, incluidos dos de los m\u00e1s pobres del pa\u00eds, Jara Cruz advirti\u00f3 que se castigar\u00e1 con mayor rigor a quien lucre con la pobreza.<\/p>\n\n\n\n<p>En San Sebasti\u00e1n Tecomaxtlahuaca, reconoci\u00f3 el valor social y econ\u00f3mico del trabajador y la trabajadora migrante, que se ve obligado a buscar oportunidades fuera de su comunidad y alejado de su familia.<\/p>\n\n\n\n<figure class=\"wp-block-embed is-type-rich is-provider-twitter wp-block-embed-twitter\"><div class=\"wp-block-embed__wrapper\">\n<div class=\"twitter-tweet\"><blockquote class=\"twitter-tweet\" data-lang=\"es\"><p lang=\"es\" dir=\"ltr\"><a href=\"https:\/\/twitter.com\/hashtag\/EleccionesOaxaca2022?src=hash&amp;ref_src=twsrc%5Etfw\">#EleccionesOaxaca2022<\/a><br>En su quinto d\u00eda de campa\u00f1a, <a href=\"https:\/\/twitter.com\/salomonj?ref_src=twsrc%5Etfw\">@salomonj<\/a> recorri\u00f3 hoy Santiago Juxtlahuaca, San Sebasti\u00e1n Tecomaxtlahuaca y San Mart\u00edn Peras, entre otros, donde recalc\u00f3 que la Cuarta Transformaci\u00f3n no tiene vuelta en Oaxaca. <a href=\"https:\/\/t.co\/CAIt4ytFYS\">pic.twitter.com\/CAIt4ytFYS<\/a><\/p>&mdash; Zona Roja Oaxaca (@ZonaRoja_Oaxaca) <a href=\"https:\/\/twitter.com\/ZonaRoja_Oaxaca\/status\/1512242115107082240?ref_src=twsrc%5Etfw\">8 de abril de 2022<\/a><\/blockquote><\/div>\n<\/div><\/figure>\n\n\n\n<p>Seg\u00fan informaci\u00f3n del Banco de M\u00e9xico, Oaxaca registro un total de dos mil 405 millones de d\u00f3lares de remesas durante el 2021, un 26.7 por ciento m\u00e1s al reportado en el a\u00f1o 2020.<\/p>\n\n\n\n<p>Tengo el compromiso de generar todas las condiciones para que ninguna familia tenga que desintegrarse por falta de oportunidades, la marginaci\u00f3n y desatenci\u00f3n en que los han sumergido las autoridades estatales, dijo.<\/p>\n\n\n\n<p>El candidato de la coalici\u00f3n Morena-PT-PVEM-PUP \u00abJuntos Hacemos Historia\u00bb, Salom\u00f3n Jara Cruz, tambi\u00e9n recorri\u00f3 los municipios de San Mart\u00edn Peras, San Sebasti\u00e1n Tecomaxtlahuaca y San Juan Mixtepec.<\/p>\n","protected":false},"excerpt":{"rendered":"<p>Redacci\u00f3n\/Zona Roja. Oaxaca de Ju\u00e1rez, Oax., 8 de abril de 2022.- El candidato a gobernador&hellip;<\/p>\n","protected":false},"author":2,"featured_media":39750,"comment_status":"closed","ping_status":"open","sticky":false,"template":"","format":"standard","meta":{"_lmt_disableupdate":"","_lmt_disable":"","_jetpack_memberships_contains_paid_content":false,"footnotes":""},"categories":[109,46],"tags":[2879,939],"class_list":["post-39749","post","type-post","status-publish","format-standard","has-post-thumbnail","hentry","category-minuto-a-minuto","category-zona-blanca","tag-elecciones-oaxaca-2022","tag-salomon-jara-cruz"],"jetpack_featured_media_url":"https:\/\/zonaroja.com.mx\/wp-content\/uploads\/2022\/04\/Salomon-Jara-Mixteca.jpeg","jetpack_sharing_enabled":true,"_links":{"self":[{"href":"https:\/\/zonaroja.com.mx\/index.php?rest_route=\/wp\/v2\/posts\/39749","targetHints":{"allow":["GET"]}}],"collection":[{"href":"https:\/\/zonaroja.com.mx\/index.php?rest_route=\/wp\/v2\/posts"}],"about":[{"href":"https:\/\/zonaroja.com.mx\/index.php?rest_route=\/wp\/v2\/types\/post"}],"author":[{"embeddable":true,"href":"https:\/\/zonaroja.com.mx\/index.php?rest_route=\/wp\/v2\/users\/2"}],"replies":[{"embeddable":true,"href":"https:\/\/zonaroja.com.mx\/index.php?rest_route=%2Fwp%2Fv2%2Fcomments&post=39749"}],"version-history":[{"count":1,"href":"https:\/\/zonaroja.com.mx\/index.php?rest_route=\/wp\/v2\/posts\/39749\/revisions"}],"predecessor-version":[{"id":39751,"href":"https:\/\/zonaroja.com.mx\/index.php?rest_route=\/wp\/v2\/posts\/39749\/revisions\/39751"}],"wp:featuredmedia":[{"embeddable":true,"href":"https:\/\/zonaroja.com.mx\/index.php?rest_route=\/wp\/v2\/media\/39750"}],"wp:attachment":[{"href":"https:\/\/zonaroja.com.mx\/index.php?rest_route=%2Fwp%2Fv2%2Fmedia&parent=39749"}],"wp:term":[{"taxonomy":"category","embeddable":true,"href":"https:\/\/zonaroja.com.mx\/index.php?rest_route=%2Fwp%2Fv2%2Fcategories&post=39749"},{"taxonomy":"post_tag","embeddable":true,"href":"https:\/\/zonaroja.com.mx\/index.php?rest_route=%2Fwp%2Fv2%2Ftags&post=39749"}],"curies":[{"name":"wp","href":"https:\/\/api.w.org\/{rel}","templated":true}]}}