{"id":3975,"date":"2019-09-14T20:25:19","date_gmt":"2019-09-15T01:25:19","guid":{"rendered":"http:\/\/www.zonaroja.com.mx\/?p=3975"},"modified":"2019-09-14T20:25:21","modified_gmt":"2019-09-15T01:25:21","slug":"imparable-la-violencia-en-santa-lucia-del-camino-queman-autobus","status":"publish","type":"post","link":"https:\/\/zonaroja.com.mx\/?p=3975","title":{"rendered":"Imparable, la violencia en Santa Luc\u00eda del Camino; queman autob\u00fas"},"content":{"rendered":"\n<p>Redacci\u00f3n\/Zona\nRoja.<\/p>\n\n\n\n<p>Oaxaca de\nJu\u00e1rez, Oax., 14 de septiembre de 2019.- Ante la escasa presencia policial y\nlos nulos operativos de vigilancia en Santa Luc\u00eda del Camino, un autob\u00fas del transporte\nde pasajeros fue incendiado y semicalcinado la madrugada de este s\u00e1bado.<\/p>\n\n\n\n<p>Los hechos\nsucedieron alrededor de las 02:00 horas en la calle Andador L\u00e1zaro C\u00e1rdenas\nesquina Andador 20 de Noviembre, de acuerdo con los vecinos de la colonia Aquiles\nSerd\u00e1n, situada en la periferia del casco municipal.<\/p>\n\n\n\n<p>Con arena y cubetas de agua, los moradores de la zona intentaron apagar el siniestro, pero fue sofocado en su totalidad con el apoyo del Cuerpo de Bomberos.<\/p>\n\n\n\n<figure class=\"wp-block-embed-twitter wp-block-embed is-type-rich is-provider-twitter\"><div class=\"wp-block-embed__wrapper\">\n<div class=\"twitter-tweet\"><blockquote class=\"twitter-tweet\" data-lang=\"es\"><p lang=\"es\" dir=\"ltr\"><a href=\"https:\/\/twitter.com\/hashtag\/OaxacaRojo?src=hash&amp;ref_src=twsrc%5Etfw\">#OaxacaRojo<\/a><br>Sujetos desconocidos prendieron fuego a un autob\u00fas de la l\u00ednea Tusug, en la colonia Aquiles Serd\u00e1n de Santa Luc\u00eda del Camino; grave la inseguridad en el gobierno de <a href=\"https:\/\/twitter.com\/DANTEMONTANO?ref_src=twsrc%5Etfw\">@dantemontano<\/a>, denuncian los vecinos. <a href=\"https:\/\/t.co\/Kk5qXK44Au\">pic.twitter.com\/Kk5qXK44Au<\/a><\/p>&mdash; Zona Roja Oaxaca (@MexRoja) <a href=\"https:\/\/twitter.com\/MexRoja\/status\/1172880609502531584?ref_src=twsrc%5Etfw\">14 de septiembre de 2019<\/a><\/blockquote><\/div>\n<\/div><\/figure>\n\n\n\n<p>Pr\u00e1cticamente\nla mitad de la unidad de motor qued\u00f3 calcinada; pertenece a la l\u00ednea Transportes\nUrbanos y Suburbanos Guelatao (Tusug) y tiene el n\u00famero econ\u00f3mico B-166.<\/p>\n\n\n\n<p>Elementos de\nla Polic\u00eda Municipal, del ayuntamiento que encabeza el edil morenista Dante\nMonta\u00f1o Montero, no se dieron cuenta cuando sucedieron los hechos como tampoco\nefectuaron patrullajes de b\u00fasqueda.<\/p>\n\n\n\n<p>En cambio, durante la ma\u00f1ana de hoy, una patrulla del programa \u201cMujeres a salvo\u201d, optaba por levantar a un borrachito, en la calle Framboy\u00e1n, esquina avenida Ferrocarril.<\/p>\n\n\n\n<figure class=\"wp-block-embed-twitter wp-block-embed is-type-rich is-provider-twitter\"><div class=\"wp-block-embed__wrapper\">\n<div class=\"twitter-tweet\"><blockquote class=\"twitter-tweet\" data-lang=\"es\"><p lang=\"es\" dir=\"ltr\"><a href=\"https:\/\/twitter.com\/hashtag\/OaxacaGris?src=hash&amp;ref_src=twsrc%5Etfw\">#OaxacaGris<\/a><br>Mientras la incidencia delictiva crece de forma alarmante en Santa Luc\u00eda del Camino, una patrulla de \u201cMujer Segura\u201d del <a href=\"https:\/\/twitter.com\/MunSantaLucia?ref_src=twsrc%5Etfw\">@MunSantaLucia<\/a> que preside <a href=\"https:\/\/twitter.com\/DANTEMONTANO?ref_src=twsrc%5Etfw\">@dantemontano<\/a>, se dedica a levantar borrachitos en la calle. Aqu\u00ed el video: <a href=\"https:\/\/t.co\/0aR9delMqJ\">pic.twitter.com\/0aR9delMqJ<\/a><\/p>&mdash; Zona Roja Oaxaca (@MexRoja) <a href=\"https:\/\/twitter.com\/MexRoja\/status\/1173043725628399616?ref_src=twsrc%5Etfw\">15 de septiembre de 2019<\/a><\/blockquote><\/div>\n<\/div><\/figure>\n","protected":false},"excerpt":{"rendered":"<p>Redacci\u00f3n\/Zona Roja. Oaxaca de Ju\u00e1rez, Oax., 14 de septiembre de 2019.- Ante la escasa presencia&hellip;<\/p>\n","protected":false},"author":2,"featured_media":3976,"comment_status":"closed","ping_status":"open","sticky":false,"template":"","format":"standard","meta":{"_lmt_disableupdate":"","_lmt_disable":"","_jetpack_memberships_contains_paid_content":false,"footnotes":""},"categories":[109,51],"tags":[714,337],"class_list":["post-3975","post","type-post","status-publish","format-standard","has-post-thumbnail","hentry","category-minuto-a-minuto","category-zona-roja","tag-dante-montano","tag-santa-lucia-del-camino"],"jetpack_featured_media_url":"https:\/\/zonaroja.com.mx\/wp-content\/uploads\/2019\/09\/eZy-Watermark_14-09-2019_08-18-44p.-m..jpg","jetpack_sharing_enabled":true,"_links":{"self":[{"href":"https:\/\/zonaroja.com.mx\/index.php?rest_route=\/wp\/v2\/posts\/3975","targetHints":{"allow":["GET"]}}],"collection":[{"href":"https:\/\/zonaroja.com.mx\/index.php?rest_route=\/wp\/v2\/posts"}],"about":[{"href":"https:\/\/zonaroja.com.mx\/index.php?rest_route=\/wp\/v2\/types\/post"}],"author":[{"embeddable":true,"href":"https:\/\/zonaroja.com.mx\/index.php?rest_route=\/wp\/v2\/users\/2"}],"replies":[{"embeddable":true,"href":"https:\/\/zonaroja.com.mx\/index.php?rest_route=%2Fwp%2Fv2%2Fcomments&post=3975"}],"version-history":[{"count":1,"href":"https:\/\/zonaroja.com.mx\/index.php?rest_route=\/wp\/v2\/posts\/3975\/revisions"}],"predecessor-version":[{"id":3977,"href":"https:\/\/zonaroja.com.mx\/index.php?rest_route=\/wp\/v2\/posts\/3975\/revisions\/3977"}],"wp:featuredmedia":[{"embeddable":true,"href":"https:\/\/zonaroja.com.mx\/index.php?rest_route=\/wp\/v2\/media\/3976"}],"wp:attachment":[{"href":"https:\/\/zonaroja.com.mx\/index.php?rest_route=%2Fwp%2Fv2%2Fmedia&parent=3975"}],"wp:term":[{"taxonomy":"category","embeddable":true,"href":"https:\/\/zonaroja.com.mx\/index.php?rest_route=%2Fwp%2Fv2%2Fcategories&post=3975"},{"taxonomy":"post_tag","embeddable":true,"href":"https:\/\/zonaroja.com.mx\/index.php?rest_route=%2Fwp%2Fv2%2Ftags&post=3975"}],"curies":[{"name":"wp","href":"https:\/\/api.w.org\/{rel}","templated":true}]}}