{"id":39752,"date":"2022-04-08T07:43:31","date_gmt":"2022-04-08T12:43:31","guid":{"rendered":"http:\/\/www.zonaroja.com.mx\/?p=39752"},"modified":"2022-04-08T07:43:33","modified_gmt":"2022-04-08T12:43:33","slug":"ofrece-alejandro-aviles-dar-cobertura-al-triple-en-materia-de-salud","status":"publish","type":"post","link":"https:\/\/zonaroja.com.mx\/?p=39752","title":{"rendered":"Ofrece Alejandro Avil\u00e9s dar cobertura al triple en materia de salud"},"content":{"rendered":"\n<p>Redacci\u00f3n\/Zona Roja.<\/p>\n\n\n\n<p>Oaxaca de Ju\u00e1rez, Oax., 8 de abril de 2022.- En el marco del D\u00eda Mundial de la Salud, desde Ciudad Ixtepec, el candidato tricolor Alejandro Avil\u00e9s \u00c1lvarez, anunci\u00f3 que dentro de sus primeras acciones como gobernador de Oaxaca, pondr\u00e1 en marcha el programa denominado \u00abM\u00e9dico en tu Casa\u00bb, que dar\u00e1 cobertura y asistencia m\u00e9dica gratuita a todas las y los oaxaque\u00f1os de las comunidades marginadas, que no cuentan con cl\u00ednicas y hospitales cercanos.<\/p>\n\n\n\n<p>\u00abEste programa consistir\u00e1 en desplegar brigadas de doctoras y doctores, as\u00ed como de enfermeras para que atiendan hasta los hogares de los m\u00e1s desprotegidos, las necesidades de salud de manera gratuita; de esta manera todas las&nbsp;oaxaque\u00f1as y oaxaque\u00f1os tendr\u00e1n derecho a este beneficio\u00bb, adelant\u00f3.<\/p>\n\n\n\n<p>El triple A dijo que este modelo de salud, se implementar\u00e1 principalmente en las localidades donde la lejan\u00eda de cl\u00ednicas y hospitales, representan afectaciones econ\u00f3micas y de traslado, para la atenci\u00f3n de las familias que menos tienen.<\/p>\n\n\n\n<p>\u00abLlegaremos hasta donde est\u00e9n las ni\u00f1as y ni\u00f1os, mujeres y adultos mayores; este programa va al triple porque los oaxaque\u00f1os lo merecen, es tiempo de que todas y todos tengan una atenci\u00f3n digna en materia de salud\u00bb, afirm\u00f3.<\/p>\n\n\n\n<figure class=\"wp-block-embed is-type-rich is-provider-twitter wp-block-embed-twitter\"><div class=\"wp-block-embed__wrapper\">\n<div class=\"twitter-tweet\"><blockquote class=\"twitter-tweet\" data-lang=\"es\"><p lang=\"es\" dir=\"ltr\"><a href=\"https:\/\/twitter.com\/hashtag\/EleccionesOaxaca2022?src=hash&amp;ref_src=twsrc%5Etfw\">#EleccionesOaxaca2022<\/a><br>\u00a1En esta esquinaaaaaa!<br>Desde la tercera cuerda en un cuadril\u00e1tero de la regi\u00f3n del Istmo, el grito del respetable a favor de <a href=\"https:\/\/twitter.com\/_AvilesAlvarez?ref_src=twsrc%5Etfw\">@_AvilesAlvarez<\/a>:<br>\u00a1\u00c1viles! \u00a1\u00c1viles! \u00a1\u00c1viles!\u2026 <a href=\"https:\/\/t.co\/y3EjkGSe0x\">pic.twitter.com\/y3EjkGSe0x<\/a><\/p>&mdash; Zona Roja Oaxaca (@ZonaRoja_Oaxaca) <a href=\"https:\/\/twitter.com\/ZonaRoja_Oaxaca\/status\/1512263902406475776?ref_src=twsrc%5Etfw\">8 de abril de 2022<\/a><\/blockquote><\/div>\n<\/div><\/figure>\n\n\n\n<p>APOYO A MERCADOS&nbsp;<\/p>\n\n\n\n<p>Al visitar el mercado municipal \u00abBenito Ju\u00e1rez\u00bb de Ciudad Ixtepec, Alejandro Avil\u00e9s \u00c1lvarez, candidato a gobernador de Oaxaca por el PRI-PRD, salud\u00f3 a las y los comerciantes que se dieron tiempo para estrechar su mano e intercambiar puntos de vista, sobre la reactivaci\u00f3n de la econom\u00eda de las manos emprendedoras, que generan empleos y son parte fundamental del desarrollo y progreso de la regi\u00f3n.<\/p>\n\n\n\n<p>A su paso por cada uno de los locales que componen este espacio p\u00fablico, Alejandro Avil\u00e9s platic\u00f3 con la comerciante Flor Marina, dedicada al negocio de carnicer\u00eda desde m\u00e1s de 20 a\u00f1os, actividad que le permiti\u00f3 sacar adelante a su familia y posicionarse como una emprendedora ejemplar.<\/p>\n\n\n\n<p>\u00abEn mi gobierno las mujeres emprendedoras y trabajadoras como Flor Marina, van a tener el triple de apoyos; vamos a impulsar los mercados municipales que son pilares de la cultura y el turismo, es tiempo de crecer y devolverle a nuestras localidades el brillo que durante a\u00f1os los ha caracterizado\u00bb, enfatiz\u00f3.<\/p>\n\n\n\n<p>El triple A, reconoci\u00f3 que desde hace d\u00e9cadas, los mercados municipales de la regi\u00f3n del Istmo, han sido el factor de crecimiento econ\u00f3mico, pero consider\u00f3 necesario el mejoramiento de su infraestructura, as\u00ed como la difusi\u00f3n de su riqueza gastron\u00f3mica y artesanal a nivel local, nacional e internacional.<\/p>\n\n\n\n<p>En su quinto d\u00eda de campa\u00f1a, Alejandro Avil\u00e9s \u00c1lvarez, tambi\u00e9n visit\u00f3 los municipios de Juchit\u00e1n de Zaragoza y Uni\u00f3n Hidalgo.<\/p>\n","protected":false},"excerpt":{"rendered":"<p>Redacci\u00f3n\/Zona Roja. Oaxaca de Ju\u00e1rez, Oax., 8 de abril de 2022.- En el marco del&hellip;<\/p>\n","protected":false},"author":2,"featured_media":39753,"comment_status":"closed","ping_status":"open","sticky":false,"template":"","format":"standard","meta":{"_lmt_disableupdate":"","_lmt_disable":"","_jetpack_memberships_contains_paid_content":false,"footnotes":""},"categories":[109,46],"tags":[316,2879],"class_list":["post-39752","post","type-post","status-publish","format-standard","has-post-thumbnail","hentry","category-minuto-a-minuto","category-zona-blanca","tag-alejandro-aviles-alvarez","tag-elecciones-oaxaca-2022"],"jetpack_featured_media_url":"https:\/\/zonaroja.com.mx\/wp-content\/uploads\/2022\/04\/Alejandro-Aviles-Istmo.jpg","jetpack_sharing_enabled":true,"_links":{"self":[{"href":"https:\/\/zonaroja.com.mx\/index.php?rest_route=\/wp\/v2\/posts\/39752","targetHints":{"allow":["GET"]}}],"collection":[{"href":"https:\/\/zonaroja.com.mx\/index.php?rest_route=\/wp\/v2\/posts"}],"about":[{"href":"https:\/\/zonaroja.com.mx\/index.php?rest_route=\/wp\/v2\/types\/post"}],"author":[{"embeddable":true,"href":"https:\/\/zonaroja.com.mx\/index.php?rest_route=\/wp\/v2\/users\/2"}],"replies":[{"embeddable":true,"href":"https:\/\/zonaroja.com.mx\/index.php?rest_route=%2Fwp%2Fv2%2Fcomments&post=39752"}],"version-history":[{"count":1,"href":"https:\/\/zonaroja.com.mx\/index.php?rest_route=\/wp\/v2\/posts\/39752\/revisions"}],"predecessor-version":[{"id":39754,"href":"https:\/\/zonaroja.com.mx\/index.php?rest_route=\/wp\/v2\/posts\/39752\/revisions\/39754"}],"wp:featuredmedia":[{"embeddable":true,"href":"https:\/\/zonaroja.com.mx\/index.php?rest_route=\/wp\/v2\/media\/39753"}],"wp:attachment":[{"href":"https:\/\/zonaroja.com.mx\/index.php?rest_route=%2Fwp%2Fv2%2Fmedia&parent=39752"}],"wp:term":[{"taxonomy":"category","embeddable":true,"href":"https:\/\/zonaroja.com.mx\/index.php?rest_route=%2Fwp%2Fv2%2Fcategories&post=39752"},{"taxonomy":"post_tag","embeddable":true,"href":"https:\/\/zonaroja.com.mx\/index.php?rest_route=%2Fwp%2Fv2%2Ftags&post=39752"}],"curies":[{"name":"wp","href":"https:\/\/api.w.org\/{rel}","templated":true}]}}