{"id":39760,"date":"2022-04-08T08:13:14","date_gmt":"2022-04-08T13:13:14","guid":{"rendered":"http:\/\/www.zonaroja.com.mx\/?p=39760"},"modified":"2022-04-08T08:13:15","modified_gmt":"2022-04-08T13:13:15","slug":"con-reforma-a-su-ley-organica-senado-de-la-republica-impulsa-agenda-2030","status":"publish","type":"post","link":"https:\/\/zonaroja.com.mx\/?p=39760","title":{"rendered":"Con reforma a su Ley Org\u00e1nica, Senado de la Rep\u00fablica impulsa agenda 2030"},"content":{"rendered":"\n<p>Redacci\u00f3n\/Zona Roja Cdmx.<\/p>\n\n\n\n<p>Ciudad de M\u00e9xico, 8 de abril de 2022.- El Senado de la Rep\u00fablica aprob\u00f3 el pasado martes modificaciones al art\u00edculo 169 de su ley interna, con ello se establece que en la exposici\u00f3n de motivos de las iniciativas que presenten los y las senadoras se describan si \u00e9stas se alinean con la Agenda 2030 para el Desarrollo Sostenible de la Organizaci\u00f3n de las Naciones Unidas.<\/p>\n\n\n\n<p>La senadora oaxaque\u00f1a Susana Harp Iturribar\u00eda se\u00f1al\u00f3 que la Agenda 2030 es una hoja de ruta para erradicar la pobreza, proteger al planeta y asegurar la prosperidad para todos, sin comprometer los recursos para las futuras generaciones, por ello \u2013 dijo-, resulta relevante que se analice si cada una de las propuestas presentadas en la C\u00e1mara Alta se relacionan con estos objetivos.&nbsp;<\/p>\n\n\n\n<p>\u201cNos quedan ocho a\u00f1os para alcanzar los 17 objetivos, somos quienes tenemos la oportunidad como legisladoras y legisladores de hacer las transiciones en las pol\u00edticas, los presupuestos, las instituciones y los marcos reguladores necesarios, para construir compromisos que permeen en todos los niveles de gobierno\u201d, coment\u00f3 la legisladora por Oaxaca.&nbsp;<\/p>\n\n\n\n<p>Harp Iturr\u00edbarr\u00eda inform\u00f3 que dichas adecuaciones establecen que las comisiones del Senado de la Rep\u00fablica enunciar\u00e1n si las normas que dictaminan tienen alguna relaci\u00f3n directa o indirecta con los Objetivos de Desarrollo Sostenible.<\/p>\n\n\n\n<p>Agreg\u00f3 que dicha reforma permitir\u00e1 crear una agenda parlamentaria transversal, partiendo del reconocimiento de la interdependencia e indivisibilidad entre las dimensiones social, ambiental y econ\u00f3mica.&nbsp;<\/p>\n","protected":false},"excerpt":{"rendered":"<p>Redacci\u00f3n\/Zona Roja Cdmx. Ciudad de M\u00e9xico, 8 de abril de 2022.- El Senado de la&hellip;<\/p>\n","protected":false},"author":2,"featured_media":39546,"comment_status":"closed","ping_status":"open","sticky":false,"template":"","format":"standard","meta":{"_lmt_disableupdate":"","_lmt_disable":"","_jetpack_memberships_contains_paid_content":false,"footnotes":""},"categories":[109,46],"tags":[1685],"class_list":["post-39760","post","type-post","status-publish","format-standard","has-post-thumbnail","hentry","category-minuto-a-minuto","category-zona-blanca","tag-susana-harp-iturribarria"],"jetpack_featured_media_url":"https:\/\/zonaroja.com.mx\/wp-content\/uploads\/2022\/04\/Susana-Harp.jpg","jetpack_sharing_enabled":true,"_links":{"self":[{"href":"https:\/\/zonaroja.com.mx\/index.php?rest_route=\/wp\/v2\/posts\/39760","targetHints":{"allow":["GET"]}}],"collection":[{"href":"https:\/\/zonaroja.com.mx\/index.php?rest_route=\/wp\/v2\/posts"}],"about":[{"href":"https:\/\/zonaroja.com.mx\/index.php?rest_route=\/wp\/v2\/types\/post"}],"author":[{"embeddable":true,"href":"https:\/\/zonaroja.com.mx\/index.php?rest_route=\/wp\/v2\/users\/2"}],"replies":[{"embeddable":true,"href":"https:\/\/zonaroja.com.mx\/index.php?rest_route=%2Fwp%2Fv2%2Fcomments&post=39760"}],"version-history":[{"count":1,"href":"https:\/\/zonaroja.com.mx\/index.php?rest_route=\/wp\/v2\/posts\/39760\/revisions"}],"predecessor-version":[{"id":39761,"href":"https:\/\/zonaroja.com.mx\/index.php?rest_route=\/wp\/v2\/posts\/39760\/revisions\/39761"}],"wp:featuredmedia":[{"embeddable":true,"href":"https:\/\/zonaroja.com.mx\/index.php?rest_route=\/wp\/v2\/media\/39546"}],"wp:attachment":[{"href":"https:\/\/zonaroja.com.mx\/index.php?rest_route=%2Fwp%2Fv2%2Fmedia&parent=39760"}],"wp:term":[{"taxonomy":"category","embeddable":true,"href":"https:\/\/zonaroja.com.mx\/index.php?rest_route=%2Fwp%2Fv2%2Fcategories&post=39760"},{"taxonomy":"post_tag","embeddable":true,"href":"https:\/\/zonaroja.com.mx\/index.php?rest_route=%2Fwp%2Fv2%2Ftags&post=39760"}],"curies":[{"name":"wp","href":"https:\/\/api.w.org\/{rel}","templated":true}]}}