{"id":39763,"date":"2022-04-08T14:10:27","date_gmt":"2022-04-08T19:10:27","guid":{"rendered":"https:\/\/www.zonaroja.com.mx\/?p=39763"},"modified":"2022-04-08T14:10:29","modified_gmt":"2022-04-08T19:10:29","slug":"futuros-profesores-agreden-a-reportero-en-oaxaca-por-documentar-saqueo","status":"publish","type":"post","link":"https:\/\/zonaroja.com.mx\/?p=39763","title":{"rendered":"Futuros profesores agreden a reportero en Oaxaca, por documentar saqueo"},"content":{"rendered":"\n<p>Yuridiana Sosa\/Zona Roja.<\/p>\n\n\n\n<p>Oaxaca de Ju\u00e1rez, Oax., 8 de abril de 2022.- Bajo la impunidad ante diversos actos vand\u00e1licos, normalistas de Oaxaca agredieron&nbsp;este viernes&nbsp;con gas lacrim\u00f3geno al reportero Mario Romero, mientras documentaba en transmisi\u00f3n en vivo el saqueo que realizaban a un cami\u00f3n repartidor de refrescos y actos violentos contra ciudadanos, en el municipio de Santa Luc\u00eda del Camino.&nbsp;<\/p>\n\n\n\n<p>Respaldados por el movimiento Coordinadora Estudiantil Normalista del Estado de Oaxaca (CENEO), los futuros docentes lanzaron en dos ocasiones gas sobre el periodista de diversos medios digitales en la entidad, quien ha dado voz en varias ocasiones a las demandas de este grupo.<\/p>\n\n\n\n<p>A pocos metros del hecho registrado sobre la&nbsp;avenida L\u00e1zaro C\u00e1rdenas, en inmediaciones del Centro Cultural y de Convenciones de Oaxaca, se encontraban elementos policiales, quienes no intervinieron, sino hasta despu\u00e9s de darse a conocer p\u00fablicamente la agresi\u00f3n.<\/p>\n\n\n\n<p>Ante estos actos el reportero present\u00f3 la denuncia correspondiente en la Fiscal\u00eda General de Oaxaca, as\u00ed como la Defensor\u00eda de los Derechos Humanos del Pueblo de Oaxaca (DDHPO) tom\u00f3 conocimiento de la agresi\u00f3n.&nbsp;<\/p>\n\n\n\n<p>LOS HECHOS<\/p>\n\n\n\n<p>Minutos antes&nbsp;de las 10:00&nbsp;horas de&nbsp;este viernes, normalistas&nbsp;se apoderaron de un cami\u00f3n repartidor de refrescos para robar su mercanc\u00eda, como lo han hecho en otras ocasiones contra diversas empresas como parte de sus protestas.<\/p>\n\n\n\n<p>Ante la intervenci\u00f3n de ciudadanos que se opusieron al saqueo, los estudiantes enardecieron y tambi\u00e9n se enfrentaron verbalmente y con jalones de mercanc\u00eda con un trabajador de la empresa.&nbsp;<\/p>\n\n\n\n<p>\u00bfEs suyo?, cuestion\u00f3 un manifestante por la posici\u00f3n del hombre, quien sin temor les reclam\u00f3 que comet\u00edan un robo.<\/p>\n\n\n\n<p>\u201cEso es robar cabrones, hijos de su pinche madre\u201d, expres\u00f3 con enojo el ciudadano, quien tambi\u00e9n est\u00e1 harto de los actos vand\u00e1licos de este grupo.<\/p>\n\n\n\n<p>La acci\u00f3n estaba siendo evidenciada con una transmisi\u00f3n en vivo, para diversos medios, por parte de Mario Romero, quien \u00fanicamente pregunt\u00f3 cu\u00e1l era el motivo del saqueo, a lo que recibi\u00f3 el ataque.&nbsp;<\/p>\n\n\n\n<p>De forma discrecional, como se ve en la grabaci\u00f3n, el normalistas, presuntamente, identificado como Jorge Armando&nbsp; Airvar Pe\u00f1a, alumno del CRENO del sexto semestre, prepara el gas para rociar el qu\u00edmico desde poco cent\u00edmetros de distancia.&nbsp;<\/p>\n\n\n\n<p>Pese a ello, Mario Romero continu\u00f3 con el video en vivo. \u201cYo siempre he estado aqu\u00ed para cubrir a ustedes\u201d, y sin dar la cara, los normalistas subieron a un cami\u00f3n urbano que tambi\u00e9n retuvieron y antes de irse volvieron a rociar gas.<\/p>\n\n\n\n<p>\u201c\u00a1Oye! Yo siempre les he dado espacio\u201d, les reclam\u00f3 el reportero, quien denunci\u00f3 en vivo la agresi\u00f3n recibida.<\/p>\n\n\n\n<p>CIUDADANOS HARTOS<\/p>\n\n\n\n<p>A pesar del da\u00f1o en los ojos y el rostro por la irritaci\u00f3n del gas, Romero logr\u00f3 entrevistar al ciudadano que impidi\u00f3 un saqueo mayor, quien tambi\u00e9n manifest\u00f3 su enojo contras las autoridades estatales por permitir la repetici\u00f3n de actos contra la ciudadan\u00eda.<\/p>\n\n\n\n<p>\u201cEstoy encabronado contra la autoridad, no es posible que hagan as\u00ed contra la gente. Eso es robar. D\u00f3nde est\u00e1n las autoridades\u201d, cuestion\u00f3.&nbsp;<\/p>\n\n\n\n<p>ANTECEDENTES&nbsp;<\/p>\n\n\n\n<p>El pasado 20 de mayo de 2021 un grupo de estudiantes normalistas tambi\u00e9n agredi\u00f3 &nbsp;a la prensa y caus\u00f3 &nbsp;destrozos en comercios locales, de cadena nacional e internacional. En esa ocasi\u00f3n atacaron a Jos\u00e9 Luis Jer\u00f3nimo, de Quadrat\u00edn Oaxaca, y a Ernesto Rojas Ayuzo, a quienes les arrebataron los tel\u00e9fonos celulares y a uno de ellos adem\u00e1s lo golpearon.&nbsp;<\/p>\n\n\n\n<p>En abril de ese mismo a\u00f1o, tambi\u00e9n se manifestaron de forma violenta armados con piedras, tubos y martillos , causando destrozos en antiguas oficinas del IEEPO y agrediendo a reporteros de distintos medios de comunicaci\u00f3n.<\/p>\n","protected":false},"excerpt":{"rendered":"<p>Yuridiana Sosa\/Zona Roja. Oaxaca de Ju\u00e1rez, Oax., 8 de abril de 2022.- Bajo la impunidad&hellip;<\/p>\n","protected":false},"author":2,"featured_media":39762,"comment_status":"closed","ping_status":"open","sticky":false,"template":"","format":"standard","meta":{"_lmt_disableupdate":"","_lmt_disable":"","_jetpack_memberships_contains_paid_content":false,"footnotes":""},"categories":[109,47],"tags":[],"class_list":["post-39763","post","type-post","status-publish","format-standard","has-post-thumbnail","hentry","category-minuto-a-minuto","category-zona-gris"],"jetpack_featured_media_url":"https:\/\/zonaroja.com.mx\/wp-content\/uploads\/2022\/04\/9cbac15f-ddad-4e6c-86d0-b5968fbed8d8.jpg","jetpack_sharing_enabled":true,"_links":{"self":[{"href":"https:\/\/zonaroja.com.mx\/index.php?rest_route=\/wp\/v2\/posts\/39763","targetHints":{"allow":["GET"]}}],"collection":[{"href":"https:\/\/zonaroja.com.mx\/index.php?rest_route=\/wp\/v2\/posts"}],"about":[{"href":"https:\/\/zonaroja.com.mx\/index.php?rest_route=\/wp\/v2\/types\/post"}],"author":[{"embeddable":true,"href":"https:\/\/zonaroja.com.mx\/index.php?rest_route=\/wp\/v2\/users\/2"}],"replies":[{"embeddable":true,"href":"https:\/\/zonaroja.com.mx\/index.php?rest_route=%2Fwp%2Fv2%2Fcomments&post=39763"}],"version-history":[{"count":1,"href":"https:\/\/zonaroja.com.mx\/index.php?rest_route=\/wp\/v2\/posts\/39763\/revisions"}],"predecessor-version":[{"id":39764,"href":"https:\/\/zonaroja.com.mx\/index.php?rest_route=\/wp\/v2\/posts\/39763\/revisions\/39764"}],"wp:featuredmedia":[{"embeddable":true,"href":"https:\/\/zonaroja.com.mx\/index.php?rest_route=\/wp\/v2\/media\/39762"}],"wp:attachment":[{"href":"https:\/\/zonaroja.com.mx\/index.php?rest_route=%2Fwp%2Fv2%2Fmedia&parent=39763"}],"wp:term":[{"taxonomy":"category","embeddable":true,"href":"https:\/\/zonaroja.com.mx\/index.php?rest_route=%2Fwp%2Fv2%2Fcategories&post=39763"},{"taxonomy":"post_tag","embeddable":true,"href":"https:\/\/zonaroja.com.mx\/index.php?rest_route=%2Fwp%2Fv2%2Ftags&post=39763"}],"curies":[{"name":"wp","href":"https:\/\/api.w.org\/{rel}","templated":true}]}}