{"id":39767,"date":"2022-04-08T16:35:13","date_gmt":"2022-04-08T21:35:13","guid":{"rendered":"https:\/\/www.zonaroja.com.mx\/?p=39767"},"modified":"2022-04-08T16:59:24","modified_gmt":"2022-04-08T21:59:24","slug":"comando-armado-rescata-a-detenido-en-oaxaca-la-sspo-activo-busqueda","status":"publish","type":"post","link":"https:\/\/zonaroja.com.mx\/?p=39767","title":{"rendered":"Comando armado rescata a detenido en Oaxaca; la SSPO activ\u00f3 b\u00fasqueda"},"content":{"rendered":"\n<p>Yurdiana Sosa\/Zona Roja.<\/p>\n\n\n\n<p>Oaxaca de Ju\u00e1rez, Oax., 8 de abril de 2022.- Un grupo armado en Oaxaca liber\u00f3 a una persona detenida mientras se encontraba en atenci\u00f3n m\u00e9dica en un hospital del municipio de Tlacolula de Matamoros, a pocos kil\u00f3metros del reclusorio de Tanivet donde se encontraba detenido, en la regi\u00f3n de los Valles Centrales.<\/p>\n\n\n\n<p>La Secretar\u00eda de Seguridad P\u00fablica&nbsp;de Oaxaca report\u00f3 que el hecho se registr\u00f3 la ma\u00f1ana de&nbsp;esteviernes cuando&nbsp;la personas privada de su libertad en el Centro Penitenciario Estatal de Tavinet, Tlacolula, fue trasladada a un hospital de ese mismo municipio en acato a una orden judicial para recibir atenci\u00f3n m\u00e9dica.<\/p>\n\n\n\n<p>Por este hecho, la SSPO anunci\u00f3 que activ\u00f3 los protocolos de seguridad y b\u00fasqueda para localizar al var\u00f3n excarcelado del Centro Penitenciario de Tanivet en coordinaci\u00f3n con fuerzas federales, quienes se movilizaron en los accesos principales en la zona aleda\u00f1a.<\/p>\n\n\n\n<p>De acuerdo con los elementos, al lugar arrib\u00f3 un grupo de personas armadas, quienes los despojaron de sus armas para despu\u00e9s apuntarles en la cabeza, logrando la sustracci\u00f3n del hombre y de inmediato darse a la fuga a bordo de una camioneta tipo Explorer de color negro.&nbsp;<\/p>\n\n\n\n<p>De manera extraoficial se dio a conocer que el excarcelado se trata de Ignacio \u00abNacho\u00bb Contreras Hern\u00e1ndez, conocido en la zona de Petapa y Mat\u00edas Romero del Istmo de Tehuantepec y quien desde hace varios a\u00f1os permanec\u00eda detenido por los delitos de secuestro y homicidio.<\/p>\n","protected":false},"excerpt":{"rendered":"<p>Yurdiana Sosa\/Zona Roja. Oaxaca de Ju\u00e1rez, Oax., 8 de abril de 2022.- Un grupo armado&hellip;<\/p>\n","protected":false},"author":2,"featured_media":39765,"comment_status":"closed","ping_status":"open","sticky":false,"template":"","format":"standard","meta":{"_lmt_disableupdate":"","_lmt_disable":"","_jetpack_memberships_contains_paid_content":false,"footnotes":""},"categories":[109,47],"tags":[],"class_list":["post-39767","post","type-post","status-publish","format-standard","has-post-thumbnail","hentry","category-minuto-a-minuto","category-zona-gris"],"jetpack_featured_media_url":"https:\/\/zonaroja.com.mx\/wp-content\/uploads\/2022\/04\/c1bf82a6-9d6a-42c8-9fd0-cf1227616c4b.jpg","jetpack_sharing_enabled":true,"_links":{"self":[{"href":"https:\/\/zonaroja.com.mx\/index.php?rest_route=\/wp\/v2\/posts\/39767","targetHints":{"allow":["GET"]}}],"collection":[{"href":"https:\/\/zonaroja.com.mx\/index.php?rest_route=\/wp\/v2\/posts"}],"about":[{"href":"https:\/\/zonaroja.com.mx\/index.php?rest_route=\/wp\/v2\/types\/post"}],"author":[{"embeddable":true,"href":"https:\/\/zonaroja.com.mx\/index.php?rest_route=\/wp\/v2\/users\/2"}],"replies":[{"embeddable":true,"href":"https:\/\/zonaroja.com.mx\/index.php?rest_route=%2Fwp%2Fv2%2Fcomments&post=39767"}],"version-history":[{"count":1,"href":"https:\/\/zonaroja.com.mx\/index.php?rest_route=\/wp\/v2\/posts\/39767\/revisions"}],"predecessor-version":[{"id":39768,"href":"https:\/\/zonaroja.com.mx\/index.php?rest_route=\/wp\/v2\/posts\/39767\/revisions\/39768"}],"wp:featuredmedia":[{"embeddable":true,"href":"https:\/\/zonaroja.com.mx\/index.php?rest_route=\/wp\/v2\/media\/39765"}],"wp:attachment":[{"href":"https:\/\/zonaroja.com.mx\/index.php?rest_route=%2Fwp%2Fv2%2Fmedia&parent=39767"}],"wp:term":[{"taxonomy":"category","embeddable":true,"href":"https:\/\/zonaroja.com.mx\/index.php?rest_route=%2Fwp%2Fv2%2Fcategories&post=39767"},{"taxonomy":"post_tag","embeddable":true,"href":"https:\/\/zonaroja.com.mx\/index.php?rest_route=%2Fwp%2Fv2%2Ftags&post=39767"}],"curies":[{"name":"wp","href":"https:\/\/api.w.org\/{rel}","templated":true}]}}