{"id":39772,"date":"2022-04-08T19:42:00","date_gmt":"2022-04-09T00:42:00","guid":{"rendered":"http:\/\/www.zonaroja.com.mx\/?p=39772"},"modified":"2022-04-08T19:42:01","modified_gmt":"2022-04-09T00:42:01","slug":"muere-en-hospital-presunto-delincuente-en-la-costa-vinculan-a-proceso-a-seis","status":"publish","type":"post","link":"https:\/\/zonaroja.com.mx\/?p=39772","title":{"rendered":"Muere en hospital presunto delincuente en la Costa; vinculan a proceso a seis"},"content":{"rendered":"\n<p>Redacci\u00f3n\/Zona Roja.<\/p>\n\n\n\n<p>Oaxaca de Ju\u00e1rez, Oax., 8 de abril de 2022.- Uno de los siete presuntos integrantes de un grupo delictivo de alto impacto muri\u00f3 hoy en un hospital, luego del enfrentamiento del pasado 29 de marzo en Pinotepa Nacional, Oaxaca, con fuerzas estatales y federales.<\/p>\n\n\n\n<p>En tanto, en lo que calific\u00f3 como un hecho trascendente, la Fiscal\u00eda General del Estado de Oaxaca (FGEO) obtuvo auto de vinculaci\u00f3n a proceso contra las seis personas del sexo masculino restantes, a quienes se les imputan los delitos del fuero com\u00fan de homicidio en grado de tentativa y asociaci\u00f3n delictuosa.<\/p>\n\n\n\n<p>En un comunicado, la instituci\u00f3n que encabeza Arturo Peimbert Calvo detall\u00f3 que esta m\u00faltiple vinculaci\u00f3n a proceso \u201crepresenta un hecho hist\u00f3rico en la regi\u00f3n, dado que los siete sujetos estar\u00edan relacionados con un grupo criminal que realizaba actividades delictivas de alto impacto en la zona\u201d.<\/p>\n\n\n\n<p>Expuso que los hechos se suscitaron el pasado 29 de marzo del a\u00f1o en curso, cuando un grupo de siete personas atac\u00f3 con disparos de arma de fuego a elementos del grupo Fuerza Especial de Reacci\u00f3n Inmediata (FERI) de la FGEO que realizaba un operativo en el lugar.&nbsp;<\/p>\n\n\n\n<p>Al ser agredidos, los elementos repelieron el ataque, suscit\u00e1ndose un enfrentamiento en calles de la colonia Aviaci\u00f3n de Pinotepa Nacional.<\/p>\n\n\n\n<p>Adem\u00e1s, se les aseguraron dos veh\u00edculos, armas de fuego de uso exclusivo del Ej\u00e9rcito, cartuchos \u00fatiles, as\u00ed como chalecos antibalas y portaban uniformes t\u00e1cticos.<\/p>\n\n\n\n<p>Asimismo, \u201ces preciso hacer menci\u00f3n que uno de los siete hombres detenidos falleci\u00f3 hace unas horas en un hospital, donde estaba internado pues se encontraba bajo tratamiento m\u00e9dico por las lesiones infligidas durante el enfrentamiento armado\u201d, a\u00f1adi\u00f3 la Fiscal\u00eda en su comunicado.&nbsp;<\/p>\n\n\n\n<p>En audiencia y tras validar los datos de prueba proporcionados por la Vicefiscal\u00eda Regional de la Costa, el Juez en turno determin\u00f3 vincular a proceso a los imputados, imponiendo la medida cautelar de prisi\u00f3n preventiva oficiosa y otorg\u00f3 tres meses para el cierre de investigaci\u00f3n.<\/p>\n\n\n\n<p>\u201cCon acciones contundentes, la Fiscal\u00eda General combate la impunidad, aplicando todo el rigor de la Ley a quienes cometan delitos que atenten contra la paz social\u201d, remarc\u00f3.<\/p>\n","protected":false},"excerpt":{"rendered":"<p>Redacci\u00f3n\/Zona Roja. Oaxaca de Ju\u00e1rez, Oax., 8 de abril de 2022.- Uno de los siete&hellip;<\/p>\n","protected":false},"author":2,"featured_media":39415,"comment_status":"closed","ping_status":"open","sticky":false,"template":"","format":"standard","meta":{"_lmt_disableupdate":"","_lmt_disable":"","_jetpack_memberships_contains_paid_content":false,"footnotes":""},"categories":[109,47],"tags":[494],"class_list":["post-39772","post","type-post","status-publish","format-standard","has-post-thumbnail","hentry","category-minuto-a-minuto","category-zona-gris","tag-fiscalia-general-del-estado-de-oaxaca"],"jetpack_featured_media_url":"https:\/\/zonaroja.com.mx\/wp-content\/uploads\/2022\/03\/Detenidos-grupo-delictivo-Pinotepa.jpg","jetpack_sharing_enabled":true,"_links":{"self":[{"href":"https:\/\/zonaroja.com.mx\/index.php?rest_route=\/wp\/v2\/posts\/39772","targetHints":{"allow":["GET"]}}],"collection":[{"href":"https:\/\/zonaroja.com.mx\/index.php?rest_route=\/wp\/v2\/posts"}],"about":[{"href":"https:\/\/zonaroja.com.mx\/index.php?rest_route=\/wp\/v2\/types\/post"}],"author":[{"embeddable":true,"href":"https:\/\/zonaroja.com.mx\/index.php?rest_route=\/wp\/v2\/users\/2"}],"replies":[{"embeddable":true,"href":"https:\/\/zonaroja.com.mx\/index.php?rest_route=%2Fwp%2Fv2%2Fcomments&post=39772"}],"version-history":[{"count":1,"href":"https:\/\/zonaroja.com.mx\/index.php?rest_route=\/wp\/v2\/posts\/39772\/revisions"}],"predecessor-version":[{"id":39773,"href":"https:\/\/zonaroja.com.mx\/index.php?rest_route=\/wp\/v2\/posts\/39772\/revisions\/39773"}],"wp:featuredmedia":[{"embeddable":true,"href":"https:\/\/zonaroja.com.mx\/index.php?rest_route=\/wp\/v2\/media\/39415"}],"wp:attachment":[{"href":"https:\/\/zonaroja.com.mx\/index.php?rest_route=%2Fwp%2Fv2%2Fmedia&parent=39772"}],"wp:term":[{"taxonomy":"category","embeddable":true,"href":"https:\/\/zonaroja.com.mx\/index.php?rest_route=%2Fwp%2Fv2%2Fcategories&post=39772"},{"taxonomy":"post_tag","embeddable":true,"href":"https:\/\/zonaroja.com.mx\/index.php?rest_route=%2Fwp%2Fv2%2Ftags&post=39772"}],"curies":[{"name":"wp","href":"https:\/\/api.w.org\/{rel}","templated":true}]}}