{"id":39774,"date":"2022-04-08T20:38:50","date_gmt":"2022-04-09T01:38:50","guid":{"rendered":"http:\/\/www.zonaroja.com.mx\/?p=39774"},"modified":"2022-04-08T20:38:51","modified_gmt":"2022-04-09T01:38:51","slug":"el-lunes-inicia-periodo-vacacional-de-semana-santa-en-educacion-basica","status":"publish","type":"post","link":"https:\/\/zonaroja.com.mx\/?p=39774","title":{"rendered":"El lunes inicia periodo vacacional de Semana Santa en educaci\u00f3n b\u00e1sica"},"content":{"rendered":"\n<p>Redacci\u00f3n\/Zona Roja.<\/p>\n\n\n\n<p>Oaxaca de Ju\u00e1rez, Oax. 8 de abril de 2022.- Conforme al calendario oficial de la Secretar\u00eda de Educaci\u00f3n P\u00fablica (SEP) para el ciclo escolar 2021-2022, el periodo vacacional de primavera en Educaci\u00f3n B\u00e1sica comprender\u00e1 del 11 al 22 de abril, con lo cual escolares, docentes y personal administrativo tendr\u00e1n unos d\u00edas de descanso, reanudando actividades el lunes 25 del presente mes.<\/p>\n\n\n\n<p>El Instituto Estatal de Educaci\u00f3n P\u00fablica de Oaxaca (IEEPO), inform\u00f3 que la suspensi\u00f3n de labores es aplicable en los niveles de educaci\u00f3n inicial, preescolar, primaria y secundaria, en todas sus modalidades, tanto en planteles p\u00fablicos como privados, as\u00ed como en las escuelas normales.<\/p>\n\n\n\n<p>Por las condiciones que prevalecen derivado de la contingencia sanitaria, la autoridad educativa exhorta a continuar respetando las medidas higi\u00e9nicas y el cuidado de la salud y de la vida.&nbsp;<\/p>\n\n\n\n<p>En Oaxaca la matr\u00edcula est\u00e1 conformada por 863 mil 388 estudiantes que cursan sus estudios en los planteles de nivel b\u00e1sico, especial, normal y servicios educativos del Consejo Nacional de Fomento Educativo (Conafe), as\u00ed como m\u00e1s de 82 mil trabajadores, entre directivos, docentes y personal de apoyo a la educaci\u00f3n.<\/p>\n\n\n\n<p>Por lo que corresponde al regreso presencial a clases en la entidad, continuar\u00e1 de manera gradual, considerando las condiciones propias de cada comunidad y ponderando en todo momento la educaci\u00f3n y el bienestar de la salud.<\/p>\n","protected":false},"excerpt":{"rendered":"<p>Redacci\u00f3n\/Zona Roja. Oaxaca de Ju\u00e1rez, Oax. 8 de abril de 2022.- Conforme al calendario oficial&hellip;<\/p>\n","protected":false},"author":2,"featured_media":4471,"comment_status":"closed","ping_status":"open","sticky":false,"template":"","format":"standard","meta":{"_lmt_disableupdate":"","_lmt_disable":"","_jetpack_memberships_contains_paid_content":false,"footnotes":""},"categories":[109,46],"tags":[2837],"class_list":["post-39774","post","type-post","status-publish","format-standard","has-post-thumbnail","hentry","category-minuto-a-minuto","category-zona-blanca","tag-instituto-estatal-de-educacion-publica-de-oaxaca-ieepo"],"jetpack_featured_media_url":"https:\/\/zonaroja.com.mx\/wp-content\/uploads\/2019\/10\/Sal\u00f3n-de-clases.jpg","jetpack_sharing_enabled":true,"_links":{"self":[{"href":"https:\/\/zonaroja.com.mx\/index.php?rest_route=\/wp\/v2\/posts\/39774","targetHints":{"allow":["GET"]}}],"collection":[{"href":"https:\/\/zonaroja.com.mx\/index.php?rest_route=\/wp\/v2\/posts"}],"about":[{"href":"https:\/\/zonaroja.com.mx\/index.php?rest_route=\/wp\/v2\/types\/post"}],"author":[{"embeddable":true,"href":"https:\/\/zonaroja.com.mx\/index.php?rest_route=\/wp\/v2\/users\/2"}],"replies":[{"embeddable":true,"href":"https:\/\/zonaroja.com.mx\/index.php?rest_route=%2Fwp%2Fv2%2Fcomments&post=39774"}],"version-history":[{"count":1,"href":"https:\/\/zonaroja.com.mx\/index.php?rest_route=\/wp\/v2\/posts\/39774\/revisions"}],"predecessor-version":[{"id":39775,"href":"https:\/\/zonaroja.com.mx\/index.php?rest_route=\/wp\/v2\/posts\/39774\/revisions\/39775"}],"wp:featuredmedia":[{"embeddable":true,"href":"https:\/\/zonaroja.com.mx\/index.php?rest_route=\/wp\/v2\/media\/4471"}],"wp:attachment":[{"href":"https:\/\/zonaroja.com.mx\/index.php?rest_route=%2Fwp%2Fv2%2Fmedia&parent=39774"}],"wp:term":[{"taxonomy":"category","embeddable":true,"href":"https:\/\/zonaroja.com.mx\/index.php?rest_route=%2Fwp%2Fv2%2Fcategories&post=39774"},{"taxonomy":"post_tag","embeddable":true,"href":"https:\/\/zonaroja.com.mx\/index.php?rest_route=%2Fwp%2Fv2%2Ftags&post=39774"}],"curies":[{"name":"wp","href":"https:\/\/api.w.org\/{rel}","templated":true}]}}