{"id":39776,"date":"2022-04-08T21:48:50","date_gmt":"2022-04-09T02:48:50","guid":{"rendered":"http:\/\/www.zonaroja.com.mx\/?p=39776"},"modified":"2022-04-08T21:48:51","modified_gmt":"2022-04-09T02:48:51","slug":"recrudece-conflicto-en-amatlan-retienen-a-mas-funcionarios","status":"publish","type":"post","link":"https:\/\/zonaroja.com.mx\/?p=39776","title":{"rendered":"Recrudece conflicto en Amatl\u00e1n; retienen a m\u00e1s funcionarios"},"content":{"rendered":"\n<p>Ismael Garc\u00eda M.\/Zona Roja.<\/p>\n\n\n\n<p>Oaxaca de Ju\u00e1rez, Oax., 8 de abril de 2022.- Por segundo d\u00eda consecutivo, permanecen retenidos seis elementos de la Guardia Nacional y una regidora, en San Crist\u00f3bal Amatl\u00e1n, Oaxaca.&nbsp;<\/p>\n\n\n\n<p>A ello se suma los destrozos a una patrulla de la corporaci\u00f3n y la retenci\u00f3n ahora de un funcionario de la Secretar\u00eda General de Gobierno (Segego), Addy Flores.<\/p>\n\n\n\n<p>Y esta noche arribaron m\u00e1s representantes de dicha dependencia estatal, as\u00ed como de derechos humanos y corporaciones federales, con la finalidad de dialogar con la poblaci\u00f3n.<\/p>\n\n\n\n<p>Los inconformes con su autoridad municipal \u2014Celso \u2014, exigen di\u00e1logo s\u00f3lo con la Secretar\u00eda de Gobernaci\u00f3n o la Presidencia de la Rep\u00fablica y rechazan la mediaci\u00f3n de la Segego.<\/p>\n\n\n\n<p>Esta noche mantienen de nuevo bloqueado su acceso principal, para que no ingresen personas ajenas a la localidad, ubicada en la regi\u00f3n Sierra Sur del Estado.&nbsp;<\/p>\n\n\n\n<p>Por considerar que es del bando contrario, mantienen retenida desde ayer a la regidora de Educaci\u00f3n, Eufemia Flores. De acuerdo con videos difundidos, hasta el momento los elementos de la Guardia Nacional como los dem\u00e1s retenidos han sido tratados con respeto.<\/p>\n\n\n\n<figure class=\"wp-block-embed is-type-rich is-provider-twitter wp-block-embed-twitter\"><div class=\"wp-block-embed__wrapper\">\n<div class=\"twitter-tweet\"><blockquote class=\"twitter-tweet\" data-lang=\"es\"><p lang=\"es\" dir=\"ltr\"><a href=\"https:\/\/twitter.com\/hashtag\/%C3%9AltimoMinuto?src=hash&amp;ref_src=twsrc%5Etfw\">#\u00daltimoMinuto<\/a> <br>Crece la tensi\u00f3n en San Crist\u00f3bal <a href=\"https:\/\/twitter.com\/hashtag\/Amatl%C3%A1n?src=hash&amp;ref_src=twsrc%5Etfw\">#Amatl\u00e1n<\/a>, <a href=\"https:\/\/twitter.com\/hashtag\/Oaxaca?src=hash&amp;ref_src=twsrc%5Etfw\">#Oaxaca<\/a>. <br>Llegan esta noche enviados de los gobiernos estatal y federal, as\u00ed como de derechos humanos, pero son recibidos con rechazo; amagan tambi\u00e9n con retenerlos. <a href=\"https:\/\/t.co\/7gisbCCx2h\">pic.twitter.com\/7gisbCCx2h<\/a><\/p>&mdash; Zona Roja Oaxaca (@ZonaRoja_Oaxaca) <a href=\"https:\/\/twitter.com\/ZonaRoja_Oaxaca\/status\/1512617231099830276?ref_src=twsrc%5Etfw\">9 de abril de 2022<\/a><\/blockquote><\/div>\n<\/div><\/figure>\n","protected":false},"excerpt":{"rendered":"<p>Ismael Garc\u00eda M.\/Zona Roja. Oaxaca de Ju\u00e1rez, Oax., 8 de abril de 2022.- Por segundo&hellip;<\/p>\n","protected":false},"author":2,"featured_media":39777,"comment_status":"closed","ping_status":"open","sticky":false,"template":"","format":"standard","meta":{"_lmt_disableupdate":"","_lmt_disable":"","_jetpack_memberships_contains_paid_content":false,"footnotes":""},"categories":[109,47],"tags":[2612],"class_list":["post-39776","post","type-post","status-publish","format-standard","has-post-thumbnail","hentry","category-minuto-a-minuto","category-zona-gris","tag-san-cristobal-amatlan"],"jetpack_featured_media_url":"https:\/\/zonaroja.com.mx\/wp-content\/uploads\/2022\/04\/Tension-en-San-Cristobal-Amatlan.jpg","jetpack_sharing_enabled":true,"_links":{"self":[{"href":"https:\/\/zonaroja.com.mx\/index.php?rest_route=\/wp\/v2\/posts\/39776","targetHints":{"allow":["GET"]}}],"collection":[{"href":"https:\/\/zonaroja.com.mx\/index.php?rest_route=\/wp\/v2\/posts"}],"about":[{"href":"https:\/\/zonaroja.com.mx\/index.php?rest_route=\/wp\/v2\/types\/post"}],"author":[{"embeddable":true,"href":"https:\/\/zonaroja.com.mx\/index.php?rest_route=\/wp\/v2\/users\/2"}],"replies":[{"embeddable":true,"href":"https:\/\/zonaroja.com.mx\/index.php?rest_route=%2Fwp%2Fv2%2Fcomments&post=39776"}],"version-history":[{"count":1,"href":"https:\/\/zonaroja.com.mx\/index.php?rest_route=\/wp\/v2\/posts\/39776\/revisions"}],"predecessor-version":[{"id":39778,"href":"https:\/\/zonaroja.com.mx\/index.php?rest_route=\/wp\/v2\/posts\/39776\/revisions\/39778"}],"wp:featuredmedia":[{"embeddable":true,"href":"https:\/\/zonaroja.com.mx\/index.php?rest_route=\/wp\/v2\/media\/39777"}],"wp:attachment":[{"href":"https:\/\/zonaroja.com.mx\/index.php?rest_route=%2Fwp%2Fv2%2Fmedia&parent=39776"}],"wp:term":[{"taxonomy":"category","embeddable":true,"href":"https:\/\/zonaroja.com.mx\/index.php?rest_route=%2Fwp%2Fv2%2Fcategories&post=39776"},{"taxonomy":"post_tag","embeddable":true,"href":"https:\/\/zonaroja.com.mx\/index.php?rest_route=%2Fwp%2Fv2%2Ftags&post=39776"}],"curies":[{"name":"wp","href":"https:\/\/api.w.org\/{rel}","templated":true}]}}