{"id":39782,"date":"2022-04-09T07:13:05","date_gmt":"2022-04-09T12:13:05","guid":{"rendered":"http:\/\/www.zonaroja.com.mx\/?p=39782"},"modified":"2022-04-09T07:13:07","modified_gmt":"2022-04-09T12:13:07","slug":"desde-la-mixteca-convoca-salomon-jara-a-asegurar-un-gobierno-honesto","status":"publish","type":"post","link":"https:\/\/zonaroja.com.mx\/?p=39782","title":{"rendered":"Desde la Mixteca, convoca Salom\u00f3n Jara a asegurar un gobierno honesto"},"content":{"rendered":"\n<p>Redacci\u00f3n\/Zona Roja.<\/p>\n\n\n\n<p>Oaxaca de Ju\u00e1rez, Oax., 9 de abril de 2022.- A asegurar un gobierno honesto, cercano a la gente y de respeto hacia todas y todos, convoc\u00f3 Salom\u00f3n Jara Cruz, candidato al gobierno de Oaxaca por la coalici\u00f3n \u201cJuntos Hacemos Historia\u201d a la ciudadan\u00eda.<\/p>\n\n\n\n<p>Durante un encuentro con habitantes del municipio de Silacayo\u00e1pam, Jara Cruz invit\u00f3 a la poblaci\u00f3n a rechazar cualquier intento realizado por los otros candidatos, para comprar las conciencias y beneficiarse con el voto popular, y de esta manera asegurar un futuro pr\u00f3spero.&nbsp;<\/p>\n\n\n\n<p>\u201cSeguro vendr\u00e1n a ofrecerles cosas para que voten por ellos; pero no vamos a aceptar que nos compren la esperanza y que nos sigan enga\u00f1ando esa bola de bandidos\u201d, refiri\u00f3.<\/p>\n\n\n\n<p>El abanderado de Morena, Partido Verde, Unidad Popular y Partido del Trabajo, confi\u00f3 que la construcci\u00f3n del futuro que todos anhelan podr\u00e1 realizarse con la uni\u00f3n de todos y todas, principalmente de los pueblos ind\u00edgenas, los cuales comparten las mismas carencias y desatenci\u00f3n del gobierno estatal.<\/p>\n\n\n\n<p>Jara Cruz aprovech\u00f3 para exponer que, al igual que el pueblo mixteco, \u00e9l como ind\u00edgena zapoteco se siente orgulloso ser parte de los pueblos originarios, y compartir las mismas ilusiones porque entienden las necesidades que hoy en d\u00eda enfrentan los pueblos originarios.<\/p>\n\n\n\n<p>Por esta similitud, pidi\u00f3 a los habitantes de las comunidades otorgarle el voto de confianza para que el pr\u00f3ximo 5 de junio, Oaxaca tenga una nueva oportunidad para ser reconstruido desde abajo, en donde toda la ciudadan\u00eda participe y se beneficie.<\/p>\n\n\n\n<figure class=\"wp-block-embed is-type-rich is-provider-twitter wp-block-embed-twitter\"><div class=\"wp-block-embed__wrapper\">\n<div class=\"twitter-tweet\"><blockquote class=\"twitter-tweet\" data-lang=\"es\"><p lang=\"es\" dir=\"ltr\"><a href=\"https:\/\/twitter.com\/hashtag\/EleccionesOaxaca2022?src=hash&amp;ref_src=twsrc%5Etfw\">#EleccionesOaxaca2022<\/a><br>Por segundo d\u00eda, <a href=\"https:\/\/twitter.com\/salomonj?ref_src=twsrc%5Etfw\">@salomonj<\/a> recorre la regi\u00f3n Mixteca, donde recibe cientos de adhesiones a su candidatura. <br>Hoy visita Santo Domingo Tonal\u00e1 y Santiago Huajolotitl\u00e1n.<br>En ese marco, felicit\u00f3 a la senadora <a href=\"https:\/\/twitter.com\/SusanaHarp?ref_src=twsrc%5Etfw\">@SusanaHarp<\/a> por su cumplea\u00f1os. <a href=\"https:\/\/t.co\/WG5MGyzIjI\">pic.twitter.com\/WG5MGyzIjI<\/a><\/p>&mdash; Zona Roja Oaxaca (@ZonaRoja_Oaxaca) <a href=\"https:\/\/twitter.com\/ZonaRoja_Oaxaca\/status\/1512568889124823040?ref_src=twsrc%5Etfw\">8 de abril de 2022<\/a><\/blockquote><\/div>\n<\/div><\/figure>\n","protected":false},"excerpt":{"rendered":"<p>Redacci\u00f3n\/Zona Roja. Oaxaca de Ju\u00e1rez, Oax., 9 de abril de 2022.- A asegurar un gobierno&hellip;<\/p>\n","protected":false},"author":2,"featured_media":39783,"comment_status":"closed","ping_status":"open","sticky":false,"template":"","format":"standard","meta":{"_lmt_disableupdate":"","_lmt_disable":"","_jetpack_memberships_contains_paid_content":false,"footnotes":""},"categories":[109,46],"tags":[2879,939],"class_list":["post-39782","post","type-post","status-publish","format-standard","has-post-thumbnail","hentry","category-minuto-a-minuto","category-zona-blanca","tag-elecciones-oaxaca-2022","tag-salomon-jara-cruz"],"jetpack_featured_media_url":"https:\/\/zonaroja.com.mx\/wp-content\/uploads\/2022\/04\/Salomon-Jara-en-la-Mixteca-1.jpg","jetpack_sharing_enabled":true,"_links":{"self":[{"href":"https:\/\/zonaroja.com.mx\/index.php?rest_route=\/wp\/v2\/posts\/39782","targetHints":{"allow":["GET"]}}],"collection":[{"href":"https:\/\/zonaroja.com.mx\/index.php?rest_route=\/wp\/v2\/posts"}],"about":[{"href":"https:\/\/zonaroja.com.mx\/index.php?rest_route=\/wp\/v2\/types\/post"}],"author":[{"embeddable":true,"href":"https:\/\/zonaroja.com.mx\/index.php?rest_route=\/wp\/v2\/users\/2"}],"replies":[{"embeddable":true,"href":"https:\/\/zonaroja.com.mx\/index.php?rest_route=%2Fwp%2Fv2%2Fcomments&post=39782"}],"version-history":[{"count":1,"href":"https:\/\/zonaroja.com.mx\/index.php?rest_route=\/wp\/v2\/posts\/39782\/revisions"}],"predecessor-version":[{"id":39784,"href":"https:\/\/zonaroja.com.mx\/index.php?rest_route=\/wp\/v2\/posts\/39782\/revisions\/39784"}],"wp:featuredmedia":[{"embeddable":true,"href":"https:\/\/zonaroja.com.mx\/index.php?rest_route=\/wp\/v2\/media\/39783"}],"wp:attachment":[{"href":"https:\/\/zonaroja.com.mx\/index.php?rest_route=%2Fwp%2Fv2%2Fmedia&parent=39782"}],"wp:term":[{"taxonomy":"category","embeddable":true,"href":"https:\/\/zonaroja.com.mx\/index.php?rest_route=%2Fwp%2Fv2%2Fcategories&post=39782"},{"taxonomy":"post_tag","embeddable":true,"href":"https:\/\/zonaroja.com.mx\/index.php?rest_route=%2Fwp%2Fv2%2Ftags&post=39782"}],"curies":[{"name":"wp","href":"https:\/\/api.w.org\/{rel}","templated":true}]}}