{"id":39785,"date":"2022-04-09T07:29:55","date_gmt":"2022-04-09T12:29:55","guid":{"rendered":"http:\/\/www.zonaroja.com.mx\/?p=39785"},"modified":"2022-04-09T07:29:57","modified_gmt":"2022-04-09T12:29:57","slug":"huatulco-pochutla-y-puerto-ofrecen-llevar-a-aviles-a-la-gubernatura-de-oaxaca","status":"publish","type":"post","link":"https:\/\/zonaroja.com.mx\/?p=39785","title":{"rendered":"Huatulco, Pochutla y Puerto ofrecen llevar a Avil\u00e9s a la gubernatura de Oaxaca"},"content":{"rendered":"\n<p>Redacci\u00f3n\/Zona Roja.<\/p>\n\n\n\n<p>Oaxaca de Ju\u00e1rez, Oax., 9 de abril de 2022.- Con un&nbsp;recibimiento&nbsp;c\u00e1lido&nbsp;y cordial,&nbsp;lleno&nbsp;de&nbsp;alegr\u00eda&nbsp;y&nbsp;m\u00fasica,&nbsp;pobladores&nbsp;de Santa Cruz&nbsp;Huatulco&nbsp;le&nbsp;demostraron&nbsp;su&nbsp;apoyo&nbsp;al&nbsp;candidato&nbsp;del PRI-PRD a la&nbsp;gubernatura&nbsp;de Oaxaca, Alejandro&nbsp;Avil\u00e9s&nbsp;\u00c1lvarez,&nbsp;quien&nbsp;lleg\u00f3&nbsp;a la&nbsp;regi\u00f3n&nbsp;de la Costa&nbsp;en&nbsp;su&nbsp;sexto d\u00eda&nbsp;de&nbsp;campa\u00f1a,&nbsp;acompa\u00f1ado&nbsp;del&nbsp;dirigente&nbsp;nacional&nbsp;tricolor, Alejandro (Alito) Moreno C\u00e1rdenas,&nbsp;as\u00ed&nbsp;como&nbsp;de&nbsp;l\u00edderes&nbsp;y&nbsp;organizaciones&nbsp;pri\u00edstas&nbsp;y&nbsp;perredistas&nbsp;de la zona.<\/p>\n\n\n\n<p>\u00ab\u00a1Avil\u00e9s! \u00a1Avil\u00e9s! \u00a1Triple A! \u00a1Triple A! \u00a1Avil\u00e9s&nbsp;ser\u00e1&nbsp;nuestro gobernador!\u00bb,&nbsp;corearon&nbsp;simpatizantes&nbsp;al&nbsp;momento&nbsp;de&nbsp;saludar&nbsp;al&nbsp;candidato&nbsp;tricolor y&nbsp;presentarle&nbsp;&nbsp;planteamientos&nbsp;colectivos,&nbsp;durante&nbsp;una&nbsp;convivencia&nbsp;que&nbsp;fue&nbsp;abierta&nbsp;para&nbsp;todo&nbsp;el pueblo de&nbsp;Huatulco.<\/p>\n\n\n\n<p>\u00abNo les&nbsp;voy&nbsp;a&nbsp;fallar, mi primer&nbsp;compromiso&nbsp;para la&nbsp;regi\u00f3n&nbsp;de la Costa&nbsp;es&nbsp;designar&nbsp;dos&nbsp;secretarios&nbsp;en&nbsp;el&nbsp;gabinete&nbsp;legal de&nbsp;esta regi\u00f3n, para&nbsp;que&nbsp;atiendan&nbsp;las&nbsp;necesidades&nbsp;de&nbsp;ustedes,&nbsp;porque ellos&nbsp;ser\u00e1n&nbsp;el enlace de mi&nbsp;gobierno&nbsp;para&nbsp;dar&nbsp;respuesta&nbsp;a&nbsp;cada una&nbsp;de&nbsp;sus&nbsp;inquietudes\u00bb,&nbsp;detall\u00f3&nbsp;Alejandro&nbsp;Avil\u00e9s,&nbsp;durante&nbsp;su intervenci\u00f3n.<\/p>\n\n\n\n<p>El\u00a0candidato\u00a0com\u00fan\u00a0del PRI-PRD,\u00a0reiter\u00f3\u00a0que\u00a0su\u00a0gobierno trabajar\u00e1\u00a0de\u00a0manera\u00a0directa\u00a0con el pueblo de\u00a0oaxaque\u00f1o, \u201cporque se\u00a0camina\u00a0\u00a0de la\u00a0mano\u00a0de\u00a0quienes\u00a0nutren\u00a0las ideas\u00a0que\u00a0llevar\u00e1n\u00a0a Oaxaca\u00a0hacia\u00a0un\u00a0futuro\u00a0de\u00a0transformaci\u00f3n,\u00a0desarrollo\u00a0y\u00a0bienestar para\u00a0todas\u00a0las\u00a0comunidades\u00bb.<\/p>\n\n\n\n<figure class=\"wp-block-embed is-type-rich is-provider-twitter wp-block-embed-twitter\"><div class=\"wp-block-embed__wrapper\">\n<div class=\"twitter-tweet\"><blockquote class=\"twitter-tweet\" data-lang=\"es\"><p lang=\"es\" dir=\"ltr\"><a href=\"https:\/\/twitter.com\/hashtag\/EleccionesOaxaca2022?src=hash&amp;ref_src=twsrc%5Etfw\">#EleccionesOaxaca2022<\/a> <br>Una sorpresa se llev\u00f3 <a href=\"https:\/\/twitter.com\/_AvilesAlvarez?ref_src=twsrc%5Etfw\">@_AvilesAlvarez<\/a> en Pochutla, por la visita de su hija MariJu, que lleg\u00f3 enmascarada al mitin, en que cientos de militantes del PRI y del PRD ofrecieron su respaldo al candidato a gobernador. <a href=\"https:\/\/t.co\/ySrdTbD3XY\">pic.twitter.com\/ySrdTbD3XY<\/a><\/p>&mdash; Zona Roja Oaxaca (@ZonaRoja_Oaxaca) <a href=\"https:\/\/twitter.com\/ZonaRoja_Oaxaca\/status\/1512611997086531594?ref_src=twsrc%5Etfw\">9 de abril de 2022<\/a><\/blockquote><\/div>\n<\/div><\/figure>\n\n\n\n<p>Al&nbsp;llegar&nbsp;a San Pedro&nbsp;Pochutla, el Triple A&nbsp;encabez\u00f3&nbsp;un&nbsp;recorrido&nbsp;por&nbsp;la&nbsp;avenida&nbsp;principal&nbsp;L\u00e1zaro&nbsp;C\u00e1rdenas, con&nbsp;una comitiva&nbsp;multitudinaria, al son de&nbsp;banda&nbsp;de&nbsp;m\u00fasica,&nbsp;vestimentas regionales&nbsp;y un&nbsp;ambiente&nbsp;festivo&nbsp;que&nbsp;se&nbsp;desbord\u00f3&nbsp;por&nbsp;diferentes calles&nbsp;cercanas&nbsp;de&nbsp;esta&nbsp;localidad&nbsp;coste\u00f1a.<\/p>\n\n\n\n<p>\u00abUno de&nbsp;los&nbsp;compromisos&nbsp;que&nbsp;haremos&nbsp;en&nbsp;los&nbsp;primeros&nbsp;d\u00edas&nbsp;de mi&nbsp;gobierno&nbsp;es&nbsp;ponernos&nbsp;a&nbsp;trabajar&nbsp;para&nbsp;cambiar&nbsp;el&nbsp;sistema&nbsp;de&nbsp;agua&nbsp;potable;&nbsp;tambi\u00e9n&nbsp;tenemos&nbsp;que&nbsp;dotar&nbsp;de&nbsp;medicamentos&nbsp;a las&nbsp;cl\u00ednicas&nbsp;y&nbsp;necesitamos&nbsp;un hospital regional&nbsp;en&nbsp;Pochutla\u00bb,&nbsp;asegur\u00f3.<\/p>\n\n\n\n<p>Al&nbsp;igual&nbsp;que&nbsp;en&nbsp;las&nbsp;regiones&nbsp;de la Cuenca y del&nbsp;Istmo,&nbsp;fuerzas pol\u00edticas&nbsp;de&nbsp;Pochutla&nbsp;del&nbsp;Partido&nbsp;Nueva&nbsp;Alianza&nbsp;y del&nbsp;PartidoVerde&nbsp;Ecologista&nbsp;de M\u00e9xico (PVEM), se&nbsp;a\u00f1adieron&nbsp;al&nbsp;movimiento&nbsp;de&nbsp;campa\u00f1a&nbsp;de Alejandro&nbsp;Avil\u00e9s.<\/p>\n\n\n\n<p>Posteriormente, el Triple A se\u00a0reuni\u00f3\u00a0con la\u00a0militancia\u00a0pri\u00edsta\u00a0enla\u00a0explanada\u00a0municipal de Puerto Escondido.<\/p>\n\n\n\n<figure class=\"wp-block-embed is-type-rich is-provider-twitter wp-block-embed-twitter\"><div class=\"wp-block-embed__wrapper\">\n<div class=\"twitter-tweet\"><blockquote class=\"twitter-tweet\" data-lang=\"es\"><p lang=\"es\" dir=\"ltr\"><a href=\"https:\/\/twitter.com\/hashtag\/EleccionesOaxaca2022?src=hash&amp;ref_src=twsrc%5Etfw\">#EleccionesOaxaca2022<\/a> <br>Este viernes, el candidato a gobernador por el PRI-PRD, <a href=\"https:\/\/twitter.com\/_AvilesAlvarez?ref_src=twsrc%5Etfw\">@_AvilesAlvarez<\/a>, realiza su campa\u00f1a en la regi\u00f3n Costa. <br>En Huatulco, lo acompa\u00f1an los dirigentes priistas nacional, <a href=\"https:\/\/twitter.com\/alitomorenoc?ref_src=twsrc%5Etfw\">@alitomorenoc<\/a>, y estatal, <a href=\"https:\/\/twitter.com\/JavierVillacana?ref_src=twsrc%5Etfw\">@JavierVillacana<\/a>. <a href=\"https:\/\/t.co\/pDBaugxgAL\">pic.twitter.com\/pDBaugxgAL<\/a><\/p>&mdash; Zona Roja Oaxaca (@ZonaRoja_Oaxaca) <a href=\"https:\/\/twitter.com\/ZonaRoja_Oaxaca\/status\/1512487358855368711?ref_src=twsrc%5Etfw\">8 de abril de 2022<\/a><\/blockquote><\/div>\n<\/div><\/figure>\n\n\n\n<p>RESPALDO DE ALITO&nbsp;<\/p>\n\n\n\n<p>Al&nbsp;acompa\u00f1ar&nbsp;al&nbsp;candidato&nbsp;tricolor a la&nbsp;gubernatura&nbsp;de Oaxaca&nbsp;en&nbsp;la&nbsp;regi\u00f3n&nbsp;de la Costa, el&nbsp;dirigente&nbsp;nacional&nbsp;del PRI, Alejandro Moreno C\u00e1rdenas,&nbsp;sostuvo&nbsp;que&nbsp;el Triple A&nbsp;proviene&nbsp;de&nbsp;una familia&nbsp;modesta&nbsp;que&nbsp;se&nbsp;identifica&nbsp;con la&nbsp;gente&nbsp;y&nbsp;es&nbsp;un hombre de palabra&nbsp;que&nbsp;sabe&nbsp;cumplir&nbsp;sus&nbsp;compromisos.<\/p>\n\n\n\n<p>\u00abEste 5 de&nbsp;junio&nbsp;tenemos&nbsp;que&nbsp;ir&nbsp;todos&nbsp;a&nbsp;votar,&nbsp;porque&nbsp;esta campa\u00f1a&nbsp;es&nbsp;para&nbsp;sumar&nbsp;y&nbsp;estoy&nbsp;convencido&nbsp;que&nbsp;Avil\u00e9s&nbsp;va&nbsp;a&nbsp;dar resultados&nbsp;porque&nbsp;le&nbsp;interesa&nbsp;que&nbsp;los&nbsp;oaxaque\u00f1os&nbsp;vivan&nbsp;en&nbsp;paz&nbsp;y con&nbsp;mejores&nbsp;oportunidades\u00bb,&nbsp;expuso.<\/p>\n\n\n\n<p>El&nbsp;l\u00edder&nbsp;nacional&nbsp;pri\u00edsta,&nbsp;exhort\u00f3&nbsp;a la&nbsp;estructura&nbsp;de&nbsp;su&nbsp;partido para&nbsp;trabajar&nbsp;juntos&nbsp;y&nbsp;en&nbsp;equipo, con el&nbsp;objetivo&nbsp;de&nbsp;demostrar con&nbsp;hechos&nbsp;la&nbsp;capacidad&nbsp;de&nbsp;toda&nbsp;la&nbsp;militancia&nbsp;tricolor,&nbsp;que&nbsp;quiere un&nbsp;gobernador&nbsp;nacido&nbsp;de las bases de&nbsp;este&nbsp;instituto&nbsp;pol\u00edtico.<\/p>\n\n\n\n<p>\u00abEstamos&nbsp;con la&nbsp;firme&nbsp;convicci\u00f3n&nbsp;de&nbsp;trabajar&nbsp;y&nbsp;caminar, &nbsp;de&nbsp;ganarnos&nbsp;la&nbsp;confianza&nbsp;de la&nbsp;gente; las&nbsp;elecciones&nbsp;se&nbsp;ganan&nbsp;con&nbsp;votos&nbsp;y&nbsp;nosotros&nbsp;lo &nbsp;haciendo,&nbsp;estoy&nbsp;seguro&nbsp;que&nbsp;la&nbsp;victoria&nbsp;es nuestra&nbsp;este&nbsp;pr\u00f3ximo&nbsp;5 de&nbsp;junio\u00bb,&nbsp;recalc\u00f3.<\/p>\n","protected":false},"excerpt":{"rendered":"<p>Redacci\u00f3n\/Zona Roja. Oaxaca de Ju\u00e1rez, Oax., 9 de abril de 2022.- Con un&nbsp;recibimiento&nbsp;c\u00e1lido&nbsp;y cordial,&nbsp;lleno&nbsp;de&nbsp;alegr\u00eda&nbsp;y&nbsp;m\u00fasica,&nbsp;pobladores&nbsp;de Santa&hellip;<\/p>\n","protected":false},"author":2,"featured_media":39786,"comment_status":"closed","ping_status":"open","sticky":false,"template":"","format":"standard","meta":{"_lmt_disableupdate":"","_lmt_disable":"","_jetpack_memberships_contains_paid_content":false,"footnotes":""},"categories":[109,46],"tags":[316,2879],"class_list":["post-39785","post","type-post","status-publish","format-standard","has-post-thumbnail","hentry","category-minuto-a-minuto","category-zona-blanca","tag-alejandro-aviles-alvarez","tag-elecciones-oaxaca-2022"],"jetpack_featured_media_url":"https:\/\/zonaroja.com.mx\/wp-content\/uploads\/2022\/04\/Alejandro-Aviles-y-Alejandro-Moreno-Costa.jpg","jetpack_sharing_enabled":true,"_links":{"self":[{"href":"https:\/\/zonaroja.com.mx\/index.php?rest_route=\/wp\/v2\/posts\/39785","targetHints":{"allow":["GET"]}}],"collection":[{"href":"https:\/\/zonaroja.com.mx\/index.php?rest_route=\/wp\/v2\/posts"}],"about":[{"href":"https:\/\/zonaroja.com.mx\/index.php?rest_route=\/wp\/v2\/types\/post"}],"author":[{"embeddable":true,"href":"https:\/\/zonaroja.com.mx\/index.php?rest_route=\/wp\/v2\/users\/2"}],"replies":[{"embeddable":true,"href":"https:\/\/zonaroja.com.mx\/index.php?rest_route=%2Fwp%2Fv2%2Fcomments&post=39785"}],"version-history":[{"count":1,"href":"https:\/\/zonaroja.com.mx\/index.php?rest_route=\/wp\/v2\/posts\/39785\/revisions"}],"predecessor-version":[{"id":39787,"href":"https:\/\/zonaroja.com.mx\/index.php?rest_route=\/wp\/v2\/posts\/39785\/revisions\/39787"}],"wp:featuredmedia":[{"embeddable":true,"href":"https:\/\/zonaroja.com.mx\/index.php?rest_route=\/wp\/v2\/media\/39786"}],"wp:attachment":[{"href":"https:\/\/zonaroja.com.mx\/index.php?rest_route=%2Fwp%2Fv2%2Fmedia&parent=39785"}],"wp:term":[{"taxonomy":"category","embeddable":true,"href":"https:\/\/zonaroja.com.mx\/index.php?rest_route=%2Fwp%2Fv2%2Fcategories&post=39785"},{"taxonomy":"post_tag","embeddable":true,"href":"https:\/\/zonaroja.com.mx\/index.php?rest_route=%2Fwp%2Fv2%2Ftags&post=39785"}],"curies":[{"name":"wp","href":"https:\/\/api.w.org\/{rel}","templated":true}]}}