{"id":39796,"date":"2022-04-09T13:10:34","date_gmt":"2022-04-09T18:10:34","guid":{"rendered":"https:\/\/www.zonaroja.com.mx\/?p=39796"},"modified":"2022-04-09T13:10:36","modified_gmt":"2022-04-09T18:10:36","slug":"luego-de-casi-dos-dias-liberan-a-retenidos-en-amatlan","status":"publish","type":"post","link":"https:\/\/zonaroja.com.mx\/?p=39796","title":{"rendered":"Luego de casi dos d\u00edas, liberan a retenidos en Amatl\u00e1n"},"content":{"rendered":"\n<p>Yuridiana Sosa\/Zona Roja.<\/p>\n\n\n\n<p>Oaxaca de Ju\u00e1rez, Oax., 9 de abril de 2022.- Luego de m\u00e1s de 30 horas retenidos en San Crist\u00f3bal Amatl\u00e1n, en la Sierra Sur de Oaxaca, los funxiona y elementos de la Guardia Nacional fueron liberados, tras la intervenci\u00f3n de la Secretar\u00eda de Gobernaci\u00f3n (Segob) que arrib\u00f3 hasta el lugar para entablar una mesa de di\u00e1logo con los pobladores.<\/p>\n\n\n\n<p>La noche de&nbsp;este viernes&nbsp;el delegado de Gobernaci\u00f3n, Jos\u00e9 Carlos Fuentes Ordaz, y representantes de la Secretar\u00eda de la Defensa Nacional y Guardia Nacional, as\u00ed como de la Defensor\u00eda de los Derechos Humanos del Pueblo de Oaxaca (DDHPO), arribaron al municipio para iniciar con di\u00e1logos que permitieron la salida de los elementos, retenidos y desarmados, presuntamente, por reprimir a la comunidad.<\/p>\n\n\n\n<p>Cerca&nbsp;de las 02:00&nbsp;horas&nbsp;de la madrugada&nbsp;los uniformados fueron liberados, quienes partieron a bordo de la misma unidad que vandaliz\u00f3 la comunidad con pintas y ponch\u00e1ndole las llantas, las cuales fueron repuestas con los neum\u00e1ticos que otros elementos trasladaron hasta la comunidad.<\/p>\n\n\n\n<p>De acuerdo fon diversas im\u00e1genes difundidas, durante el tiempo que permanecieron en la poblaci\u00f3n,&nbsp;desde la tarde&nbsp;del jueves, los elementos de la Guardia Nacional fueron tratados con respeto, manteni\u00e9ndose en convivencia entre los pobladores y a quienes les brindaron alimentos en los mismos espacios donde com\u00edan los inconformes en protesta.<\/p>\n\n\n\n<p>La retenci\u00f3n fue una medida de presi\u00f3n para que las autoridades electorales en Oaxaca reconozcan a sus nuevas autoridades en sustituci\u00f3n de las electas en el a\u00f1o 2019. <\/p>\n\n\n\n<figure class=\"wp-block-embed\"><div class=\"wp-block-embed__wrapper\">\n<div class=\"twitter-tweet\"><blockquote class=\"twitter-tweet\" data-lang=\"es\"><p lang=\"es\" dir=\"ltr\"><a href=\"https:\/\/twitter.com\/hashtag\/%C3%9AltimoMinuto?src=hash&amp;ref_src=twsrc%5Etfw\">#\u00daltimoMinuto<\/a> <br>Confirma el delegado de la <a href=\"https:\/\/twitter.com\/SEGOB_mx?ref_src=twsrc%5Etfw\">@SEGOB_mx<\/a> en Oaxaca, <a href=\"https:\/\/twitter.com\/JoseCarlosFO?ref_src=twsrc%5Etfw\">@JoseCarlosFO<\/a>, la liberaci\u00f3n de personas detenidas en San Crist\u00f3bal Amatl\u00e1n, tras la intervenci\u00f3n anoche, con el apoyo del organismo de derechos humanos. <a href=\"https:\/\/t.co\/UdyHN1CsEd\">pic.twitter.com\/UdyHN1CsEd<\/a><\/p>&mdash; Zona Roja Oaxaca (@ZonaRoja_Oaxaca) <a href=\"https:\/\/twitter.com\/ZonaRoja_Oaxaca\/status\/1512811218867683330?ref_src=twsrc%5Etfw\">9 de abril de 2022<\/a><\/blockquote><\/div>\n<\/div><\/figure>\n\n\n\n<p>CONFLICTO ELECTORAL&nbsp;<\/p>\n\n\n\n<p>\u201c\u00a1Fuera Juan Celso! \u00a1Fuera Feliciano! \u00a1Fuera el mal gobierno! \u00a1fuera los corruptos de Amatl\u00e1n! \u00a1Queremos soluci\u00f3n y respeto a usos y costumbres!\u201d, es la principal consigna que mantienen en la poblaci\u00f3n ante la resoluci\u00f3n del Tribunal Estatal Electoral del Estado de Oaxaca para que Juan Celso Santos concluya su administraci\u00f3n&nbsp;el 31 de diciembre&nbsp;de este a\u00f1o.&nbsp;<\/p>\n\n\n\n<p>La resoluci\u00f3n en su contra emitida en marzo fue el inicio de protesta por un grupo de pobladores que el pasado 8 de abril se declar\u00f3 aut\u00f3nomo y con su propia autodefensa en desconocimiento de los integrantes del ayuntamiento por presuntos actos de corrupci\u00f3n.&nbsp;<\/p>\n\n\n\n<p>Celso Santos junto con las autoridades que integran el ayuntamiento fue electo por el r\u00e9gimen de Sistemas Normativos Internos en 2019 para ejercer en el periodo 2020-2022, pero en abril de 2021 comenzaron los conflictos.<\/p>\n\n\n\n<p>Autoridades municipales, entre ellas el edil, fueron privadas de su libertad&nbsp;el 14 de abril&nbsp;y 12 de julio de 2021.&nbsp;<\/p>\n\n\n\n<p>En una asamblea del&nbsp;18 de abril&nbsp;fueron destituidas por la comunidad, nombrando como presidente a Victorino Cruz Mart\u00ednez, quien era el suplente de Juan Celso.&nbsp;<\/p>\n\n\n\n<p>Pero el TEEO invalid\u00f3 es proceso de terminaci\u00f3n anticipada de cargos por darse en un contexto de violencia, adem\u00e1s, que la asamblea tampoco puede validarse al no ser convocada por las autoridades correspondientes debido a que conforme al art\u00edculo 145 de la Ley Org\u00e1nica Municipal del Estado de Oaxaca, el alcalde no tiene facultades para convocar a asambleas generales comunitarias.<\/p>\n\n\n\n<p>Ante ese contexto, una parte de la poblaci\u00f3n se mantiene en protesta por el desconocimiento de sus autoridades municipales. <\/p>\n","protected":false},"excerpt":{"rendered":"<p>Yuridiana Sosa\/Zona Roja. Oaxaca de Ju\u00e1rez, Oax., 9 de abril de 2022.- Luego de m\u00e1s&hellip;<\/p>\n","protected":false},"author":2,"featured_media":39795,"comment_status":"closed","ping_status":"open","sticky":false,"template":"","format":"standard","meta":{"_lmt_disableupdate":"","_lmt_disable":"","_jetpack_memberships_contains_paid_content":false,"footnotes":""},"categories":[109,47],"tags":[],"class_list":["post-39796","post","type-post","status-publish","format-standard","has-post-thumbnail","hentry","category-minuto-a-minuto","category-zona-gris"],"jetpack_featured_media_url":"https:\/\/zonaroja.com.mx\/wp-content\/uploads\/2022\/04\/a7e79876-d826-433f-971d-bee6dab478de.jpg","jetpack_sharing_enabled":true,"_links":{"self":[{"href":"https:\/\/zonaroja.com.mx\/index.php?rest_route=\/wp\/v2\/posts\/39796","targetHints":{"allow":["GET"]}}],"collection":[{"href":"https:\/\/zonaroja.com.mx\/index.php?rest_route=\/wp\/v2\/posts"}],"about":[{"href":"https:\/\/zonaroja.com.mx\/index.php?rest_route=\/wp\/v2\/types\/post"}],"author":[{"embeddable":true,"href":"https:\/\/zonaroja.com.mx\/index.php?rest_route=\/wp\/v2\/users\/2"}],"replies":[{"embeddable":true,"href":"https:\/\/zonaroja.com.mx\/index.php?rest_route=%2Fwp%2Fv2%2Fcomments&post=39796"}],"version-history":[{"count":1,"href":"https:\/\/zonaroja.com.mx\/index.php?rest_route=\/wp\/v2\/posts\/39796\/revisions"}],"predecessor-version":[{"id":39797,"href":"https:\/\/zonaroja.com.mx\/index.php?rest_route=\/wp\/v2\/posts\/39796\/revisions\/39797"}],"wp:featuredmedia":[{"embeddable":true,"href":"https:\/\/zonaroja.com.mx\/index.php?rest_route=\/wp\/v2\/media\/39795"}],"wp:attachment":[{"href":"https:\/\/zonaroja.com.mx\/index.php?rest_route=%2Fwp%2Fv2%2Fmedia&parent=39796"}],"wp:term":[{"taxonomy":"category","embeddable":true,"href":"https:\/\/zonaroja.com.mx\/index.php?rest_route=%2Fwp%2Fv2%2Fcategories&post=39796"},{"taxonomy":"post_tag","embeddable":true,"href":"https:\/\/zonaroja.com.mx\/index.php?rest_route=%2Fwp%2Fv2%2Ftags&post=39796"}],"curies":[{"name":"wp","href":"https:\/\/api.w.org\/{rel}","templated":true}]}}