{"id":39799,"date":"2022-04-09T15:35:43","date_gmt":"2022-04-09T20:35:43","guid":{"rendered":"https:\/\/www.zonaroja.com.mx\/?p=39799"},"modified":"2022-04-09T15:35:45","modified_gmt":"2022-04-09T20:35:45","slug":"comunidad-de-chimalapa-pide-auxilio-para-combatir-incendios-en-tres-puntos","status":"publish","type":"post","link":"https:\/\/zonaroja.com.mx\/?p=39799","title":{"rendered":"Comunidad de Chimalapa pide auxilio para combatir incendios en tres puntos"},"content":{"rendered":"\n<p>Yuridiana Sosa\/Zona Roja.<\/p>\n\n\n\n<p>Oaxaca de Ju\u00e1rez, Oax., 09 de abril de 2022.- Habitantes, autoridades auxiliares y comuneros de La Cristalina, 5 deNoviembre, de San Miguel Chimalapa, demandan el auxilio inmediato de autoridades forestales nacionales y federales para liquidar un incendio que afecta tres puntos desde hace cinco d\u00edas, as\u00ed como insumos para la comunidad.<\/p>\n\n\n\n<p>Los afectados denunciaron que por represi\u00f3n y discriminaci\u00f3n de la autoridad municipal, no han accedido las brigadas al lugar, as\u00ed como tampoco ellos cuentan con capacitaci\u00f3n para hacer frente al fuego, pues no han sido convocados a ninguno de esos talleres.<\/p>\n\n\n\n<p>Situaci\u00f3n por la que ahora desde hace cinco d\u00edas sufren de un incendio forestal que afecta los parajes de \u201cLa Ciruela\u201d, en el punto conocido como horizonte, cerca del paraje \u201cLa Curva\u201d y en la \u201cFortuna\u201d, en el \u201cCerro Atravesado\u201d.<\/p>\n\n\n\n<p>Ante el problema, la comunidad tambi\u00e9n demand\u00f3 el abasto de v\u00edveres, insumos para la deshidrataci\u00f3n, medicamentos, recursos para los comuneros, adem\u00e1s, la entrega de sus recursos del Ramo 33 Fondo III.<\/p>\n\n\n\n<p>De acuerdo con la Comisi\u00f3n Estatal Forestal (Coesfo) otros dos incendios en San Miguel Chimalapa, de la regi\u00f3n del Istmo, se encuentran en calidad de liquidado y controlado.<\/p>\n\n\n\n<figure class=\"wp-block-embed\"><div class=\"wp-block-embed__wrapper\">\n<div class=\"twitter-tweet\"><blockquote class=\"twitter-tweet\" data-lang=\"es\"><p lang=\"es\" dir=\"ltr\"><a href=\"https:\/\/twitter.com\/hashtag\/%C3%9AltimoMinuto?src=hash&amp;ref_src=twsrc%5Etfw\">#\u00daltimoMinuto<\/a> <br>Pobladores de la comunidad La Cristalina, de San Miguel <a href=\"https:\/\/twitter.com\/hashtag\/Chimalapa?src=hash&amp;ref_src=twsrc%5Etfw\">#Chimalapa<\/a>, <a href=\"https:\/\/twitter.com\/hashtag\/Oaxaca?src=hash&amp;ref_src=twsrc%5Etfw\">#Oaxaca<\/a>, urgen apoyos de v\u00edveres y combatientes, debido a que el incendio cumple ocho d\u00edas y se extiende a tres parajes. <a href=\"https:\/\/t.co\/S7WENykYXm\">pic.twitter.com\/S7WENykYXm<\/a><\/p>&mdash; Zona Roja Oaxaca (@ZonaRoja_Oaxaca) <a href=\"https:\/\/twitter.com\/ZonaRoja_Oaxaca\/status\/1512858374123274254?ref_src=twsrc%5Etfw\">9 de abril de 2022<\/a><\/blockquote><\/div>\n<\/div><\/figure>\n\n\n\n<p>Al corte de este s\u00e1bado, la conflagraci\u00f3n en el paraje \u201cInnominado\u201d fue liquidado, con una afectaci\u00f3n de 10 hect\u00e1reas, en cuatro d\u00edas de actividad.<\/p>\n\n\n\n<p>Mientras que el fuego localizado en el paraje de \u201cLos Patos\u201d se encuentra controlado al 100 por ciento, pero con una liquidaci\u00f3n del 80 por ciento, alcanzando da\u00f1os en 20 hect\u00e1reas en tres d\u00edas de incendio.<\/p>\n\n\n\n<p>REPORTE<\/p>\n\n\n\n<p>La Coesfo report\u00f3 que hasta este 9 de abril se han presentado 68 incendios forestales, con una superficie total, aproximada, de tres mil 935.78 hect\u00e1reas siniestradas.<\/p>\n\n\n\n<p>Del total, cuatro se encuentran activos en la regi\u00f3n Mixteca, los cuales se ubican en el paraje de \u201cYutazani e Infiernillo\u201d del municipio de Santiago Juxtlahuaca, en la regi\u00f3n Mixteca, con da\u00f1os en 400 hect\u00e1reas.<\/p>\n\n\n\n<p>En ese mismo municipio se localiza otro en el paraje \u201cEl Carrizal\u201d, desde hace dos d\u00edas, con una hect\u00e1rea siniestrada.  As\u00ed tambi\u00e9n, un incendio m\u00e1s se ubica en Chalcatongo de Hidalgo, en el paraje \u201cRancho Cabra\u201d, con ocho d\u00edas de actividad y una superficie afectada de 20 hect\u00e1reas. Desde hace dos d\u00edas se encuentra activo otro en el municipio de San Mart\u00edn Peras, en el paraje de l\u00edmites con Tlahuapa, Guerrero, con 20 hect\u00e1reas da\u00f1adas. <\/p>\n","protected":false},"excerpt":{"rendered":"<p>Yuridiana Sosa\/Zona Roja. Oaxaca de Ju\u00e1rez, Oax., 09 de abril de 2022.- Habitantes, autoridades auxiliares&hellip;<\/p>\n","protected":false},"author":2,"featured_media":39798,"comment_status":"closed","ping_status":"open","sticky":false,"template":"","format":"standard","meta":{"_lmt_disableupdate":"","_lmt_disable":"","_jetpack_memberships_contains_paid_content":false,"footnotes":""},"categories":[109,47],"tags":[],"class_list":["post-39799","post","type-post","status-publish","format-standard","has-post-thumbnail","hentry","category-minuto-a-minuto","category-zona-gris"],"jetpack_featured_media_url":"https:\/\/zonaroja.com.mx\/wp-content\/uploads\/2022\/04\/8c16d1a4-8a53-4f2a-bb5e-19b1eab7de5e.jpg","jetpack_sharing_enabled":true,"_links":{"self":[{"href":"https:\/\/zonaroja.com.mx\/index.php?rest_route=\/wp\/v2\/posts\/39799","targetHints":{"allow":["GET"]}}],"collection":[{"href":"https:\/\/zonaroja.com.mx\/index.php?rest_route=\/wp\/v2\/posts"}],"about":[{"href":"https:\/\/zonaroja.com.mx\/index.php?rest_route=\/wp\/v2\/types\/post"}],"author":[{"embeddable":true,"href":"https:\/\/zonaroja.com.mx\/index.php?rest_route=\/wp\/v2\/users\/2"}],"replies":[{"embeddable":true,"href":"https:\/\/zonaroja.com.mx\/index.php?rest_route=%2Fwp%2Fv2%2Fcomments&post=39799"}],"version-history":[{"count":1,"href":"https:\/\/zonaroja.com.mx\/index.php?rest_route=\/wp\/v2\/posts\/39799\/revisions"}],"predecessor-version":[{"id":39800,"href":"https:\/\/zonaroja.com.mx\/index.php?rest_route=\/wp\/v2\/posts\/39799\/revisions\/39800"}],"wp:featuredmedia":[{"embeddable":true,"href":"https:\/\/zonaroja.com.mx\/index.php?rest_route=\/wp\/v2\/media\/39798"}],"wp:attachment":[{"href":"https:\/\/zonaroja.com.mx\/index.php?rest_route=%2Fwp%2Fv2%2Fmedia&parent=39799"}],"wp:term":[{"taxonomy":"category","embeddable":true,"href":"https:\/\/zonaroja.com.mx\/index.php?rest_route=%2Fwp%2Fv2%2Fcategories&post=39799"},{"taxonomy":"post_tag","embeddable":true,"href":"https:\/\/zonaroja.com.mx\/index.php?rest_route=%2Fwp%2Fv2%2Ftags&post=39799"}],"curies":[{"name":"wp","href":"https:\/\/api.w.org\/{rel}","templated":true}]}}