{"id":39804,"date":"2022-04-09T16:43:13","date_gmt":"2022-04-09T21:43:13","guid":{"rendered":"https:\/\/www.zonaroja.com.mx\/?p=39804"},"modified":"2022-04-09T16:43:15","modified_gmt":"2022-04-09T21:43:15","slug":"denuncian-en-oaxaca-discriminacion-ine-en-consulta-de-revocacion","status":"publish","type":"post","link":"https:\/\/zonaroja.com.mx\/?p=39804","title":{"rendered":"Denuncian en Oaxaca discriminaci\u00f3n INE en consulta de revocaci\u00f3n"},"content":{"rendered":"\n<p>Yuridiana Sosa\/Zona Roja.<\/p>\n\n\n\n<p>Oaxaca de Ju\u00e1rez, Oax., 9 de abril de 2022.- Autoridades municipales, comunitarias y agrarias del pueblo Mixe, Zapoteco y Chinanteco de Oaxaca denunciaron que el Instituto Nacional Electoral (INE) les niega la participaci\u00f3n en la Revocaci\u00f3n de Mandato a realizarse&nbsp;este domingo 10 de abril, pues no han localizado la instalaci\u00f3n de las mesas receptoras en varios municipios de esta zona.<\/p>\n\n\n\n<p>Por lo que exigen a la autoridad electoral nacional la instalaci\u00f3n de por lo menos una mesa receptora \u2013o casilla- en las cabeceras municipales de San Pedro Ocotepec, San Lucas Camotl\u00e1n, Santa Mar\u00eda Alotepec, Santiago Atitl\u00e1n, San Juan Mazatl\u00e1n, San Juan Cotzoc\u00f3n, Santiago Ixcuintepec del pueblo mixe.<\/p>\n\n\n\n<p>Adem\u00e1s, otra en San Juan Colotepec del pueblo zapoteco y en Santiago Cho\u00e1pam del pueblo chinanteco, as\u00ed como en cabeceras municipales que no est\u00e1n consideradas para este ejercicio.<\/p>\n\n\n\n<p>Las comunidades manifestaron, en un comunicado dirigido al INE y al Tribunal Electoral del Poder Judicial de la Federaci\u00f3n, que existe escasa informaci\u00f3n y difusi\u00f3n sobre la referida consulta, as\u00ed como se han percatado que lo que llaman casillas no se localizan en todos los municipios.<\/p>\n\n\n\n<p>\u201cAl negarnos la participaci\u00f3n pol\u00edtica electoral, catalogamos esta acci\u00f3n como una discriminaci\u00f3n racista y clasista hacia los pueblos ind\u00edgenas y afromexicanos en general y en particular hacia el pueblo mi fe zapoteco y chinanteco\u201d, expresaron en conjunto.<\/p>\n\n\n\n<p>Es por ello que tambi\u00e9n expresaron su inconformidad y desacuerdo a las decisiones y acciones que llev\u00f3 a cabo el INE para el desarrollo de la consulta de revocaci\u00f3n de mandato por p\u00e9rdida de la confianza del presidente Andr\u00e9s Manuel L\u00f3pez Obrador.<\/p>\n\n\n\n<p>\u201cPara la vida nacional este ejercicio democr\u00e1tico implica un hecho hist\u00f3rico ya que fortalece y trasciende la democracia de nuestro pa\u00eds y en nuestros pueblos ind\u00edgenas y afromexicanos es una pr\u00e1ctica ancestral y vigente porque \u2018el pueblo pone y el pueblo quita\u2019\u201d, sentenciaron.<\/p>\n\n\n\n<p>Por lo que es necesario garantizar la participaci\u00f3n de las y los mexicanos para decidir la permanencia o destituci\u00f3n del titular del Poder Ejecutivo federal.<\/p>\n","protected":false},"excerpt":{"rendered":"<p>Yuridiana Sosa\/Zona Roja. Oaxaca de Ju\u00e1rez, Oax., 9 de abril de 2022.- Autoridades municipales, comunitarias&hellip;<\/p>\n","protected":false},"author":2,"featured_media":39803,"comment_status":"closed","ping_status":"open","sticky":false,"template":"","format":"standard","meta":{"_lmt_disableupdate":"","_lmt_disable":"","_jetpack_memberships_contains_paid_content":false,"footnotes":""},"categories":[109,47],"tags":[],"class_list":["post-39804","post","type-post","status-publish","format-standard","has-post-thumbnail","hentry","category-minuto-a-minuto","category-zona-gris"],"jetpack_featured_media_url":"https:\/\/zonaroja.com.mx\/wp-content\/uploads\/2022\/04\/img_8888.jpg","jetpack_sharing_enabled":true,"_links":{"self":[{"href":"https:\/\/zonaroja.com.mx\/index.php?rest_route=\/wp\/v2\/posts\/39804","targetHints":{"allow":["GET"]}}],"collection":[{"href":"https:\/\/zonaroja.com.mx\/index.php?rest_route=\/wp\/v2\/posts"}],"about":[{"href":"https:\/\/zonaroja.com.mx\/index.php?rest_route=\/wp\/v2\/types\/post"}],"author":[{"embeddable":true,"href":"https:\/\/zonaroja.com.mx\/index.php?rest_route=\/wp\/v2\/users\/2"}],"replies":[{"embeddable":true,"href":"https:\/\/zonaroja.com.mx\/index.php?rest_route=%2Fwp%2Fv2%2Fcomments&post=39804"}],"version-history":[{"count":1,"href":"https:\/\/zonaroja.com.mx\/index.php?rest_route=\/wp\/v2\/posts\/39804\/revisions"}],"predecessor-version":[{"id":39805,"href":"https:\/\/zonaroja.com.mx\/index.php?rest_route=\/wp\/v2\/posts\/39804\/revisions\/39805"}],"wp:featuredmedia":[{"embeddable":true,"href":"https:\/\/zonaroja.com.mx\/index.php?rest_route=\/wp\/v2\/media\/39803"}],"wp:attachment":[{"href":"https:\/\/zonaroja.com.mx\/index.php?rest_route=%2Fwp%2Fv2%2Fmedia&parent=39804"}],"wp:term":[{"taxonomy":"category","embeddable":true,"href":"https:\/\/zonaroja.com.mx\/index.php?rest_route=%2Fwp%2Fv2%2Fcategories&post=39804"},{"taxonomy":"post_tag","embeddable":true,"href":"https:\/\/zonaroja.com.mx\/index.php?rest_route=%2Fwp%2Fv2%2Ftags&post=39804"}],"curies":[{"name":"wp","href":"https:\/\/api.w.org\/{rel}","templated":true}]}}