{"id":39826,"date":"2022-04-11T07:27:40","date_gmt":"2022-04-11T12:27:40","guid":{"rendered":"http:\/\/www.zonaroja.com.mx\/?p=39826"},"modified":"2022-04-11T07:27:42","modified_gmt":"2022-04-11T12:27:42","slug":"dos-asesinados-en-oaxaca-en-jornada-de-revocacion-de-mandato","status":"publish","type":"post","link":"https:\/\/zonaroja.com.mx\/?p=39826","title":{"rendered":"Dos asesinados en Oaxaca, en jornada de Revocaci\u00f3n de Mandato"},"content":{"rendered":"\n<p>Redacci\u00f3n\/Zona Roja.<\/p>\n\n\n\n<p>Oaxaca de Ju\u00e1rez, Oax., 11 de abril de 2022.- Dos personas del sexo masculino fueron asesinadas ayer domingo en Oaxaca, en que se realiz\u00f3 la jornada de votaci\u00f3n por la Revocaci\u00f3n de Mandato.<\/p>\n\n\n\n<p>El m\u00e1s reciente caso ocurri\u00f3 anoche en la calle Jos\u00e9 Mar\u00eda Velasco de la colonia Rufino Tamayo, en Santa Cruz Xoxocotl\u00e1n.<\/p>\n\n\n\n<p>Presuntamente derivado de una ri\u00f1a, un sujeto apu\u00f1al\u00f3 a su compa\u00f1ero, identificado como Jos\u00e9 Alberto B. V., de unos 45 a\u00f1os de edad, quien muri\u00f3 en el mismo lugar.&nbsp;<\/p>\n\n\n\n<p>Polic\u00edas municipales llegaron una vez que sucedieron los hechos, pero no lograron detenciones.<\/p>\n\n\n\n<p>Momentos antes, en la calle Jos\u00e9 Mar\u00eda Morelos, en la Segunda Secci\u00f3n de San Antonio de la Cal, fue atacado tambi\u00e9n a pu\u00f1aladas; el hombre no sobrevivi\u00f3 al ataque por lo que perdi\u00f3 la vida en el mismo lugar.<\/p>\n\n\n\n<p>Hasta el momento esta v\u00edctima no ha sido identificada y tambi\u00e9n en este caso no hay personas detenidas.<\/p>\n","protected":false},"excerpt":{"rendered":"<p>Redacci\u00f3n\/Zona Roja. Oaxaca de Ju\u00e1rez, Oax., 11 de abril de 2022.- Dos personas del sexo&hellip;<\/p>\n","protected":false},"author":2,"featured_media":39827,"comment_status":"closed","ping_status":"open","sticky":false,"template":"","format":"standard","meta":{"_lmt_disableupdate":"","_lmt_disable":"","_jetpack_memberships_contains_paid_content":false,"footnotes":""},"categories":[109,51],"tags":[133],"class_list":["post-39826","post","type-post","status-publish","format-standard","has-post-thumbnail","hentry","category-minuto-a-minuto","category-zona-roja","tag-santa-cruz-xoxocotlan"],"jetpack_featured_media_url":"https:\/\/zonaroja.com.mx\/wp-content\/uploads\/2022\/04\/Asesinado-San-Antonio-de-la-Cal.jpg","jetpack_sharing_enabled":true,"_links":{"self":[{"href":"https:\/\/zonaroja.com.mx\/index.php?rest_route=\/wp\/v2\/posts\/39826","targetHints":{"allow":["GET"]}}],"collection":[{"href":"https:\/\/zonaroja.com.mx\/index.php?rest_route=\/wp\/v2\/posts"}],"about":[{"href":"https:\/\/zonaroja.com.mx\/index.php?rest_route=\/wp\/v2\/types\/post"}],"author":[{"embeddable":true,"href":"https:\/\/zonaroja.com.mx\/index.php?rest_route=\/wp\/v2\/users\/2"}],"replies":[{"embeddable":true,"href":"https:\/\/zonaroja.com.mx\/index.php?rest_route=%2Fwp%2Fv2%2Fcomments&post=39826"}],"version-history":[{"count":1,"href":"https:\/\/zonaroja.com.mx\/index.php?rest_route=\/wp\/v2\/posts\/39826\/revisions"}],"predecessor-version":[{"id":39828,"href":"https:\/\/zonaroja.com.mx\/index.php?rest_route=\/wp\/v2\/posts\/39826\/revisions\/39828"}],"wp:featuredmedia":[{"embeddable":true,"href":"https:\/\/zonaroja.com.mx\/index.php?rest_route=\/wp\/v2\/media\/39827"}],"wp:attachment":[{"href":"https:\/\/zonaroja.com.mx\/index.php?rest_route=%2Fwp%2Fv2%2Fmedia&parent=39826"}],"wp:term":[{"taxonomy":"category","embeddable":true,"href":"https:\/\/zonaroja.com.mx\/index.php?rest_route=%2Fwp%2Fv2%2Fcategories&post=39826"},{"taxonomy":"post_tag","embeddable":true,"href":"https:\/\/zonaroja.com.mx\/index.php?rest_route=%2Fwp%2Fv2%2Ftags&post=39826"}],"curies":[{"name":"wp","href":"https:\/\/api.w.org\/{rel}","templated":true}]}}