{"id":39829,"date":"2022-04-11T07:55:14","date_gmt":"2022-04-11T12:55:14","guid":{"rendered":"http:\/\/www.zonaroja.com.mx\/?p=39829"},"modified":"2022-04-11T07:55:16","modified_gmt":"2022-04-11T12:55:16","slug":"de-oaxaca-probable-feminicida-de-vicky-en-queretaro","status":"publish","type":"post","link":"https:\/\/zonaroja.com.mx\/?p=39829","title":{"rendered":"De Oaxaca, probable feminicida de Vicky en Quer\u00e9taro"},"content":{"rendered":"\n<p>Redacci\u00f3n\/Zona Roja Cdmx.<\/p>\n\n\n\n<p>Ciudad de M\u00e9xico, 11 de abril de 2022.- Un joven de 26 a\u00f1os de edad originario de Oaxaca fue detenido en estado de Quer\u00e9taro como probable feminicida de una menor de edad, Vicky, de seis a\u00f1os de edad.<\/p>\n\n\n\n<p>El presunto criminal era vecino de la adolescente, en el municipio de El Marqu\u00e9s de la entidad queretana.<\/p>\n\n\n\n<p>Victoria Guadalupe, de seis a\u00f1os de edad, hab\u00eda sido reportada como desaparecida el d\u00eda 6 de abril y fue hallada dos d\u00edas despu\u00e9s, en una vivienda del fraccionamiento Paseos del Marqu\u00e9s.<\/p>\n\n\n\n<p>De acuerdo con la Fiscal\u00eda General del Estado, en el domicilio del detenido hallaron diversos indicios de su probable participaci\u00f3n en el asesinato de la menor de edad.<\/p>\n\n\n\n<p>\u00abEn el tercer piso del edificio A, justo en el destino de la ni\u00f1a, se encontraron diversos indicios relevantes, unas sandalias con las mismas caracter\u00edsticas a las descritas que utilizaba Victoria Guadalupe el d\u00eda de su no localizaci\u00f3n, tambi\u00e9n se encontraron indicios biol\u00f3gicos que se analizaron por los peritos genetistas\u00bb, detall\u00f3 la instituci\u00f3n.<\/p>\n\n\n\n<p>Revel\u00f3 la autoridad ministerial:<\/p>\n\n\n\n<p>\u00abHoy se obtuvo la orden de aprehensi\u00f3n por el delito de feminicidio, esta persona de 26 a\u00f1os de edad es originario de Oaxaca y llevaba viviendo en ese departamento un tiempo aproximado de dos meses\u00bb.<\/p>\n\n\n\n<p>La causa de la muerte de la peque\u00f1a, de acuerdo con peritajes, fue asfixia por estrangulaci\u00f3n, adem\u00e1s de que presentaba huellas de abuso sexual.<\/p>\n\n\n\n<p>El presunto feminicida de la menor fue enviado al Centro de Reinserci\u00f3n Social (Cereso) de San Jos\u00e9 el Alto, donde permanecer\u00e1 hasta su audiencia inicial a vinculaci\u00f3n a proceso por feminicidio.<\/p>\n","protected":false},"excerpt":{"rendered":"<p>Redacci\u00f3n\/Zona Roja Cdmx. Ciudad de M\u00e9xico, 11 de abril de 2022.- Un joven de 26&hellip;<\/p>\n","protected":false},"author":2,"featured_media":39830,"comment_status":"closed","ping_status":"open","sticky":false,"template":"","format":"standard","meta":{"_lmt_disableupdate":"","_lmt_disable":"","_jetpack_memberships_contains_paid_content":false,"footnotes":""},"categories":[109,51],"tags":[3096],"class_list":["post-39829","post","type-post","status-publish","format-standard","has-post-thumbnail","hentry","category-minuto-a-minuto","category-zona-roja","tag-queretaro"],"jetpack_featured_media_url":"https:\/\/zonaroja.com.mx\/wp-content\/uploads\/2022\/04\/Oaxaqueno-detenido-Queretaro.jpg","jetpack_sharing_enabled":true,"_links":{"self":[{"href":"https:\/\/zonaroja.com.mx\/index.php?rest_route=\/wp\/v2\/posts\/39829","targetHints":{"allow":["GET"]}}],"collection":[{"href":"https:\/\/zonaroja.com.mx\/index.php?rest_route=\/wp\/v2\/posts"}],"about":[{"href":"https:\/\/zonaroja.com.mx\/index.php?rest_route=\/wp\/v2\/types\/post"}],"author":[{"embeddable":true,"href":"https:\/\/zonaroja.com.mx\/index.php?rest_route=\/wp\/v2\/users\/2"}],"replies":[{"embeddable":true,"href":"https:\/\/zonaroja.com.mx\/index.php?rest_route=%2Fwp%2Fv2%2Fcomments&post=39829"}],"version-history":[{"count":1,"href":"https:\/\/zonaroja.com.mx\/index.php?rest_route=\/wp\/v2\/posts\/39829\/revisions"}],"predecessor-version":[{"id":39831,"href":"https:\/\/zonaroja.com.mx\/index.php?rest_route=\/wp\/v2\/posts\/39829\/revisions\/39831"}],"wp:featuredmedia":[{"embeddable":true,"href":"https:\/\/zonaroja.com.mx\/index.php?rest_route=\/wp\/v2\/media\/39830"}],"wp:attachment":[{"href":"https:\/\/zonaroja.com.mx\/index.php?rest_route=%2Fwp%2Fv2%2Fmedia&parent=39829"}],"wp:term":[{"taxonomy":"category","embeddable":true,"href":"https:\/\/zonaroja.com.mx\/index.php?rest_route=%2Fwp%2Fv2%2Fcategories&post=39829"},{"taxonomy":"post_tag","embeddable":true,"href":"https:\/\/zonaroja.com.mx\/index.php?rest_route=%2Fwp%2Fv2%2Ftags&post=39829"}],"curies":[{"name":"wp","href":"https:\/\/api.w.org\/{rel}","templated":true}]}}