{"id":3983,"date":"2019-09-15T08:24:17","date_gmt":"2019-09-15T13:24:17","guid":{"rendered":"http:\/\/www.zonaroja.com.mx\/?p=3983"},"modified":"2019-09-15T08:24:19","modified_gmt":"2019-09-15T13:24:19","slug":"logran-libertad-presuntos-porros-gabriela-jimenez-y-vicente-manzo","status":"publish","type":"post","link":"https:\/\/zonaroja.com.mx\/?p=3983","title":{"rendered":"Logran libertad presuntos \u201cporros\u201d Gabriela Jim\u00e9nez y Vicente Manzo"},"content":{"rendered":"\n<p>Redacci\u00f3n<\/p>\n\n\n\n<p>Oaxaca de Ju\u00e1rez, Oax., 15 de septiembre de 2019.- \u201cLa\nFiscal\u00eda General reitera su compromiso de actuar con firmeza y presentar ante\nla justicia a quienes con sus actos generan conflictos e impiden el\ncumplimiento de actividades en las instituciones, sobre todo cuando se trata de\n\u00e1reas educativas\u201d, festin\u00f3 la instituci\u00f3n en un bolet\u00edn el 11 de septiembre, al\naprehender a Gabriela Jim\u00e9nez y Vicente Manzo.<\/p>\n\n\n\n<p>Sin embargo &#8211;como lo adelant\u00f3 esa misma fecha un integrante\ndel Bloque Estudiantil Anarquista Socialista (BEAS)&#8211;, ambas personas,\npresuntamente \u201cporros\u201d, fueron puestas ayer en libertad, al no existir las\npruebas para inculparlos en el delito de extorsi\u00f3n a la Universidad Aut\u00f3noma \u201cBenito\nJu\u00e1rez\u201d de Oaxaca.<\/p>\n\n\n\n<p>Durante 19 d\u00edas, un grupo de vendedores ambulantes y \u201cporros\u201d\nliderados por Gabriela Jim\u00e9nez y Vicente Manzo, mantuvieron en su poder las\ninstalaciones de la Rector\u00eda, de Redes y de Servicios Escolares, en Ciudad\nUniversitaria, agencia de Cinco Se\u00f1ores de la capital.<\/p>\n\n\n\n<p>Seg\u00fan inform\u00f3 entonces la Fiscal\u00eda General que preside Rub\u00e9n\nVasconcelos M\u00e9ndez:<\/p>\n\n\n\n<p>\u201cDe acuerdo con la causa penal 692\/2019, el 25 de agosto de\n2019, aproximadamente a las 21:30 horas, los imputados -en compa\u00f1\u00eda de m\u00e1s\npersonas- comenzaron a instalarse en el Edificio \u201cA\u201d de Rector\u00eda de la UABJO,\ndonde cerraron las puertas de acceso y salida de dicho edificio, colocando\npancartas.<\/p>\n\n\n\n<p>\u201cPosteriormente, el 26 de agosto de 2019, aproximadamente a\nlas 17:00 horas, los se\u00f1alados y otras personas cerraron los accesos a los\nedificios de Redes y Servicios Escolares de la citada Instituci\u00f3n, instalando\nbocinas mediante las cuales informaron que no permitir\u00edan el acceso hasta que\nles fueran autorizados tres espacios para estudiantes en la Facultad de\nMedicina y Cirug\u00eda, causando as\u00ed un detrimento al patrimonio de la Universidad\npor la cantidad de 345 mil 594 pesos.<\/p>\n\n\n\n<p>\u201cAnte estos hechos y luego de recibir la denuncia por parte\nde las autoridades educativas de la UABJO, la Instituci\u00f3n de procuraci\u00f3n de\njusticia dio inicio a las investigaciones correspondientes, identificando y\nejecutando la orden de aprehensi\u00f3n otorgada por el Juez de Control, presentando\na los imputados ante la autoridad que los requiri\u00f3\u201d.<\/p>\n\n\n\n<p>En la audiencia celebrada este s\u00e1bado en la sede del Tribunal\nSuperior de Justicia, el juez de la causa determin\u00f3 que no hab\u00eda acusaciones en\nsu contra, por lo cual fueron puestos en libertad.<\/p>\n","protected":false},"excerpt":{"rendered":"<p>Redacci\u00f3n Oaxaca de Ju\u00e1rez, Oax., 15 de septiembre de 2019.- \u201cLa Fiscal\u00eda General reitera su&hellip;<\/p>\n","protected":false},"author":2,"featured_media":3846,"comment_status":"closed","ping_status":"open","sticky":false,"template":"","format":"standard","meta":{"_lmt_disableupdate":"","_lmt_disable":"","_jetpack_memberships_contains_paid_content":false,"footnotes":""},"categories":[109,47],"tags":[494],"class_list":["post-3983","post","type-post","status-publish","format-standard","has-post-thumbnail","hentry","category-minuto-a-minuto","category-zona-gris","tag-fiscalia-general-del-estado-de-oaxaca"],"jetpack_featured_media_url":"https:\/\/zonaroja.com.mx\/wp-content\/uploads\/2019\/09\/2980e130-27b7-44f5-9e30-d444e3fb66ab-1-1.jpg","jetpack_sharing_enabled":true,"_links":{"self":[{"href":"https:\/\/zonaroja.com.mx\/index.php?rest_route=\/wp\/v2\/posts\/3983","targetHints":{"allow":["GET"]}}],"collection":[{"href":"https:\/\/zonaroja.com.mx\/index.php?rest_route=\/wp\/v2\/posts"}],"about":[{"href":"https:\/\/zonaroja.com.mx\/index.php?rest_route=\/wp\/v2\/types\/post"}],"author":[{"embeddable":true,"href":"https:\/\/zonaroja.com.mx\/index.php?rest_route=\/wp\/v2\/users\/2"}],"replies":[{"embeddable":true,"href":"https:\/\/zonaroja.com.mx\/index.php?rest_route=%2Fwp%2Fv2%2Fcomments&post=3983"}],"version-history":[{"count":1,"href":"https:\/\/zonaroja.com.mx\/index.php?rest_route=\/wp\/v2\/posts\/3983\/revisions"}],"predecessor-version":[{"id":3984,"href":"https:\/\/zonaroja.com.mx\/index.php?rest_route=\/wp\/v2\/posts\/3983\/revisions\/3984"}],"wp:featuredmedia":[{"embeddable":true,"href":"https:\/\/zonaroja.com.mx\/index.php?rest_route=\/wp\/v2\/media\/3846"}],"wp:attachment":[{"href":"https:\/\/zonaroja.com.mx\/index.php?rest_route=%2Fwp%2Fv2%2Fmedia&parent=3983"}],"wp:term":[{"taxonomy":"category","embeddable":true,"href":"https:\/\/zonaroja.com.mx\/index.php?rest_route=%2Fwp%2Fv2%2Fcategories&post=3983"},{"taxonomy":"post_tag","embeddable":true,"href":"https:\/\/zonaroja.com.mx\/index.php?rest_route=%2Fwp%2Fv2%2Ftags&post=3983"}],"curies":[{"name":"wp","href":"https:\/\/api.w.org\/{rel}","templated":true}]}}