{"id":39838,"date":"2022-04-11T13:55:29","date_gmt":"2022-04-11T18:55:29","guid":{"rendered":"http:\/\/www.zonaroja.com.mx\/?p=39838"},"modified":"2022-04-11T13:55:30","modified_gmt":"2022-04-11T18:55:30","slug":"ofrece-alejandro-aviles-priorizar-conectividad-terrestre-y-aerea-para-la-costa","status":"publish","type":"post","link":"https:\/\/zonaroja.com.mx\/?p=39838","title":{"rendered":"Ofrece Alejandro Avil\u00e9s priorizar conectividad terrestre y a\u00e9rea para la Costa"},"content":{"rendered":"\n<p>Redacci\u00f3n\/Zona Roja.<\/p>\n\n\n\n<p>Oaxaca de Ju\u00e1rez, Oax., 11&nbsp;de abril de 2022.&nbsp;Al cumplir los primeros ocho d\u00edas de campa\u00f1a, Alejandro Avil\u00e9s \u00c1lvarez, conocido en las regiones de Oaxaca como el \u201cTriple A\u201d, asegur\u00f3 que en su gobierno las localidades m\u00e1s lejanas de la entidad, ser\u00e1n las m\u00e1s cercanas con la creaci\u00f3n de infraestructura carretera y a\u00e9rea, necesarias para impulsar la econom\u00eda, comercio y turismo para municipios de la Costa.<\/p>\n\n\n\n<p>\u00abLos que est\u00e1n m\u00e1s lejos estar\u00e1n m\u00e1s cerca, necesitamos abrir v\u00edas de comunicaci\u00f3n, tenemos que buscar la manera de c\u00f3mo comunicarnos y acortar distancias entre las comunidades de la franja costera\u00bb, sostuvo Avil\u00e9s \u00c1lvarez, en un encuentro con comunicadores locales.<\/p>\n\n\n\n<p>Desde Pinotepa Nacional, el candidato tricolor explic\u00f3 que la regi\u00f3n coste\u00f1a contar\u00e1 con el impulso y desarrollo que se merece, principalmente en la rehabilitaci\u00f3n de caminos urbanos y rurales, que son una demanda justa de las y los habitantes de este lugar.<\/p>\n\n\n\n<p>\u00abTiene que existir conectividad desde Huatulco hasta Pinotepa, necesitamos construir la pista de cuatro carriles de Huatulco a Puerto Escondido y a su vez conectarnos hasta esta zona, porque no puede ser posible que sigamos con carreteras da\u00f1adas; es una acci\u00f3n que en mi gobierno se atender\u00e1 inmediatamente\u00bb, asever\u00f3.<\/p>\n\n\n\n<figure class=\"wp-block-embed is-type-rich is-provider-twitter wp-block-embed-twitter\"><div class=\"wp-block-embed__wrapper\">\n<div class=\"twitter-tweet\"><blockquote class=\"twitter-tweet\" data-lang=\"es\"><p lang=\"es\" dir=\"ltr\">Cerramos nuestra gira de hoy en Santa Mar\u00eda Zacatepec, a donde vamos a traer apoyos <a href=\"https:\/\/twitter.com\/hashtag\/AlTriplePorOaxaca?src=hash&amp;ref_src=twsrc%5Etfw\">#AlTriplePorOaxaca<\/a> para las mujeres y todas las familias. \u00a1Gracias por su cari\u00f1o, cuentan conmigo para avanzar juntos! <a href=\"https:\/\/t.co\/skirShB8g6\">pic.twitter.com\/skirShB8g6<\/a><\/p>&mdash; Alejandro Avil\u00e9s \u00c1lvarez (@_AvilesAlvarez) <a href=\"https:\/\/twitter.com\/_AvilesAlvarez\/status\/1513367910529605632?ref_src=twsrc%5Etfw\">11 de abril de 2022<\/a><\/blockquote><\/div>\n<\/div><\/figure>\n\n\n\n<p>El abanderado tricolor, explic\u00f3 que actualmente la entidad, solo cuenta con pistas a\u00e9reas en la ciudad de Oaxaca, Ixtepec, Huatulco y Puerto Escondido, por lo que ser\u00e1 prioridad crear esta conectividad en Pinotepa Nacional, para que coadyuve a la promoci\u00f3n tur\u00edstica, al desarrollo econ\u00f3mico, as\u00ed como a los traslados por emergencias de salud y causadas por fen\u00f3menos naturales.<\/p>\n\n\n\n<p>En otro orden de ideas, Alejandro Avil\u00e9s destac\u00f3 que una actitud responsable y republicana, ser\u00e1 mantener una cooperaci\u00f3n interinstitucional con el gobierno federal, con el objetivo de gestionar recursos que le permitan al estado de Oaxaca, combatir de manera frontal la pobreza y marginaci\u00f3n que han sido flagelos para las familias oaxaque\u00f1as.<\/p>\n\n\n\n<p>\u00abVamos a regresar las estancias infantiles, que le quitaron a las mujeres, vamos a reactivar el apoyo al campo, la econom\u00eda, fuentes de empleo y apoyos para los grupos vulnerables\u00bb, a\u00f1adi\u00f3.<\/p>\n\n\n\n<p>Durante esta jornada, el \u201cTriple A\u201d recorri\u00f3 los municipios de San Juan Cacahuatepec, Santa Mar\u00eda Zacatepec y Putla Villa de Guerrero.<\/p>\n","protected":false},"excerpt":{"rendered":"<p>Redacci\u00f3n\/Zona Roja. Oaxaca de Ju\u00e1rez, Oax., 11&nbsp;de abril de 2022.&nbsp;Al cumplir los primeros ocho d\u00edas&hellip;<\/p>\n","protected":false},"author":2,"featured_media":39839,"comment_status":"closed","ping_status":"open","sticky":false,"template":"","format":"standard","meta":{"_lmt_disableupdate":"","_lmt_disable":"","_jetpack_memberships_contains_paid_content":false,"footnotes":""},"categories":[109,46],"tags":[316],"class_list":["post-39838","post","type-post","status-publish","format-standard","has-post-thumbnail","hentry","category-minuto-a-minuto","category-zona-blanca","tag-alejandro-aviles-alvarez"],"jetpack_featured_media_url":"https:\/\/zonaroja.com.mx\/wp-content\/uploads\/2022\/04\/Alejandro-Aviles-campana.jpg","jetpack_sharing_enabled":true,"_links":{"self":[{"href":"https:\/\/zonaroja.com.mx\/index.php?rest_route=\/wp\/v2\/posts\/39838","targetHints":{"allow":["GET"]}}],"collection":[{"href":"https:\/\/zonaroja.com.mx\/index.php?rest_route=\/wp\/v2\/posts"}],"about":[{"href":"https:\/\/zonaroja.com.mx\/index.php?rest_route=\/wp\/v2\/types\/post"}],"author":[{"embeddable":true,"href":"https:\/\/zonaroja.com.mx\/index.php?rest_route=\/wp\/v2\/users\/2"}],"replies":[{"embeddable":true,"href":"https:\/\/zonaroja.com.mx\/index.php?rest_route=%2Fwp%2Fv2%2Fcomments&post=39838"}],"version-history":[{"count":1,"href":"https:\/\/zonaroja.com.mx\/index.php?rest_route=\/wp\/v2\/posts\/39838\/revisions"}],"predecessor-version":[{"id":39840,"href":"https:\/\/zonaroja.com.mx\/index.php?rest_route=\/wp\/v2\/posts\/39838\/revisions\/39840"}],"wp:featuredmedia":[{"embeddable":true,"href":"https:\/\/zonaroja.com.mx\/index.php?rest_route=\/wp\/v2\/media\/39839"}],"wp:attachment":[{"href":"https:\/\/zonaroja.com.mx\/index.php?rest_route=%2Fwp%2Fv2%2Fmedia&parent=39838"}],"wp:term":[{"taxonomy":"category","embeddable":true,"href":"https:\/\/zonaroja.com.mx\/index.php?rest_route=%2Fwp%2Fv2%2Fcategories&post=39838"},{"taxonomy":"post_tag","embeddable":true,"href":"https:\/\/zonaroja.com.mx\/index.php?rest_route=%2Fwp%2Fv2%2Ftags&post=39838"}],"curies":[{"name":"wp","href":"https:\/\/api.w.org\/{rel}","templated":true}]}}