{"id":39847,"date":"2022-04-11T18:06:11","date_gmt":"2022-04-11T23:06:11","guid":{"rendered":"https:\/\/www.zonaroja.com.mx\/?p=39847"},"modified":"2022-04-11T18:08:48","modified_gmt":"2022-04-11T23:08:48","slug":"murio-segundo-tatamandon-baleado-en-la-costa-fiscalia-atiende-caso-de-tepetlapa","status":"publish","type":"post","link":"https:\/\/zonaroja.com.mx\/?p=39847","title":{"rendered":"Muri\u00f3 segundo Tatamand\u00f3n baleado en la Costa; Fiscal\u00eda atiende caso de Tepetlapa"},"content":{"rendered":"\n<p>Redacci\u00f3n\/Zona Roja.&nbsp;<\/p>\n\n\n\n<p>Oaxaca de Ju\u00e1rez, Oax., 11 de abril de 2022.- La madrugada del 8 de abril muri\u00f3 una segunda persona caracterizada (Tatamand\u00f3n) de San Antonio Tepetlapa, baleados presuntamente por habitantes de San Pedro Tulixtlahuaca, dos d\u00edas antes.&nbsp;<\/p>\n\n\n\n<p>Ante ello, y con la finalidad&nbsp;&nbsp;de garantizar justicia y cero impunidad, la Fiscal\u00eda General del Estado de Oaxaca (FGEO) da continuidad al proceso de investigaci\u00f3n respecto al homicidio de dos personas del sexo masculino, identificadas como M. G. D. y F. L. S., a fin de dar con los responsables de este crimen.&nbsp;<\/p>\n\n\n\n<p>Fue la&nbsp;ma\u00f1ana del pasado 6 de abril del a\u00f1o en curso, en que sujetos desconocidos agredieron con disparos de arma de fuego a un grupo de personas por lo que tres de ellas resultaron lesionadas (entre ellas las v\u00edctimas fatales), cuando estas acudieron al paraje \u201cArroyo Cuchar\u00f3n\u201d, sobre el tramo carretero Tepetlapa-Tulixtlahuaca, donde realizaban trabajos para la construcci\u00f3n de un muro.&nbsp;<\/p>\n\n\n\n<p>La Fiscal\u00eda detall\u00f3 que tuvo conocimiento del hecho -en la referida fecha-, ntervino, realizando las labores de investigaci\u00f3n iniciales -a trav\u00e9s de la Vicefiscal\u00eda Regional de la Costa-, integrando la carpeta de investigaci\u00f3n 11794\/FCOS\/PINOTEPA\/2022, en primera instancia por el delito de tentativa de homicidio, mismo que, tras el fallecimiento de M. G. D. y F. L. S., se reconfigur\u00f3 a homicidio calificado.&nbsp;<\/p>\n\n\n\n<p>A la fecha de este bolet\u00edn, la FGEO sigue recopilando indicios e informaci\u00f3n que permita fortalecer la teor\u00eda del caso para dar con los responsables de este crimen.<\/p>\n\n\n\n<p>Ello priorizando la comunicaci\u00f3n y atenci\u00f3n de los familiares, poniendo a su disposici\u00f3n los servicios subsecuentes, por lo que este lunes 11 de abril, un grupo de pobladores de San Antonio Tepetlapa fue recibido por la Vicefiscal\u00eda Regional de la Costa como parte del seguimiento y avances en el caso.<\/p>\n\n\n\n<p>La Fiscal\u00eda General garantiz\u00f3 investigaciones exhaustivas en delitos que atenten contra la integridad y la paz de la ciudadan\u00eda.<\/p>\n\n\n\n<p>Las v\u00edctimas respond\u00edan al nombre de Fidencio L\u00f3pez Santiago, de 84 a\u00f1os de edad, y Malaqu\u00edas Guzm\u00e1n Dami\u00e1n. <\/p>\n","protected":false},"excerpt":{"rendered":"<p>Redacci\u00f3n\/Zona Roja.&nbsp; Oaxaca de Ju\u00e1rez, Oax., 11 de abril de 2022.- La madrugada del 8&hellip;<\/p>\n","protected":false},"author":2,"featured_media":39686,"comment_status":"closed","ping_status":"open","sticky":false,"template":"","format":"standard","meta":{"_lmt_disableupdate":"","_lmt_disable":"","_jetpack_memberships_contains_paid_content":false,"footnotes":""},"categories":[109,47],"tags":[],"class_list":["post-39847","post","type-post","status-publish","format-standard","has-post-thumbnail","hentry","category-minuto-a-minuto","category-zona-gris"],"jetpack_featured_media_url":"https:\/\/zonaroja.com.mx\/wp-content\/uploads\/2022\/04\/Conflicto-Tepetlapa-enfrentamiento.jpg","jetpack_sharing_enabled":true,"_links":{"self":[{"href":"https:\/\/zonaroja.com.mx\/index.php?rest_route=\/wp\/v2\/posts\/39847","targetHints":{"allow":["GET"]}}],"collection":[{"href":"https:\/\/zonaroja.com.mx\/index.php?rest_route=\/wp\/v2\/posts"}],"about":[{"href":"https:\/\/zonaroja.com.mx\/index.php?rest_route=\/wp\/v2\/types\/post"}],"author":[{"embeddable":true,"href":"https:\/\/zonaroja.com.mx\/index.php?rest_route=\/wp\/v2\/users\/2"}],"replies":[{"embeddable":true,"href":"https:\/\/zonaroja.com.mx\/index.php?rest_route=%2Fwp%2Fv2%2Fcomments&post=39847"}],"version-history":[{"count":1,"href":"https:\/\/zonaroja.com.mx\/index.php?rest_route=\/wp\/v2\/posts\/39847\/revisions"}],"predecessor-version":[{"id":39848,"href":"https:\/\/zonaroja.com.mx\/index.php?rest_route=\/wp\/v2\/posts\/39847\/revisions\/39848"}],"wp:featuredmedia":[{"embeddable":true,"href":"https:\/\/zonaroja.com.mx\/index.php?rest_route=\/wp\/v2\/media\/39686"}],"wp:attachment":[{"href":"https:\/\/zonaroja.com.mx\/index.php?rest_route=%2Fwp%2Fv2%2Fmedia&parent=39847"}],"wp:term":[{"taxonomy":"category","embeddable":true,"href":"https:\/\/zonaroja.com.mx\/index.php?rest_route=%2Fwp%2Fv2%2Fcategories&post=39847"},{"taxonomy":"post_tag","embeddable":true,"href":"https:\/\/zonaroja.com.mx\/index.php?rest_route=%2Fwp%2Fv2%2Ftags&post=39847"}],"curies":[{"name":"wp","href":"https:\/\/api.w.org\/{rel}","templated":true}]}}