{"id":3985,"date":"2019-09-15T08:32:42","date_gmt":"2019-09-15T13:32:42","guid":{"rendered":"http:\/\/www.zonaroja.com.mx\/?p=3985"},"modified":"2019-09-15T08:32:45","modified_gmt":"2019-09-15T13:32:45","slug":"se-acaban-los-acusados-por-el-caso-ayotzinapa-salen-libres-24-policias","status":"publish","type":"post","link":"https:\/\/zonaroja.com.mx\/?p=3985","title":{"rendered":"Se acaban los acusados por el caso Ayotzinapa; salen libres 24 polic\u00edas"},"content":{"rendered":"\n<p>Redacci\u00f3n\/Zona\nRoja Cdmx.<\/p>\n\n\n\n<p>Ciudad de\nM\u00e9xico, 15 de septiembre de 2019.- Un juez federal con sede en el estado de Tamaulipas\nliber\u00f3 a 24 polic\u00edas de los municipios de Iguala, Huitzuco y Cocula acusados de\nestar involucrados en la desaparici\u00f3n de los 43 normalistas de Ayotzinapa,\nGuerrero, hechos sucedidos en septiembre del a\u00f1o 2014.<\/p>\n\n\n\n<p>De acuerdo\ncon el diario \u201cLa Jornada\u201d, funcionarios federales confirmaron la informaci\u00f3n\nluego de que la Fiscal\u00eda General de la Rep\u00fablica (FGR) explic\u00f3 en un comunicado\nque un juez de distrito en Matamoros otorg\u00f3 la libertad a los elementos luego\nde negar a la fiscal\u00eda especial de Ayotzinapa la ampliaci\u00f3n del plazo de 10\nd\u00edas naturales que el propio juzgador le hab\u00eda dado para someterlos a los\nprotocolos de Estambul.<\/p>\n\n\n\n<p>Refiri\u00f3 que\nla fiscal\u00eda de Ayotzinapa, como \u00f3rgano del Ministerio P\u00fablico Federal, aut\u00f3nomo\ne independiente, presentar\u00e1 todos los recursos y las propuestas de diligencias\nque sean necesarias para responsabilizar a quienes, en toda esta trayectoria\ndelictiva, han incumplido con sus funciones.<\/p>\n\n\n\n<p>Esto, al\nmargen de la sentencia emitida el 31 de mayo de 2018 por un tribunal colegiado,\nen la cual se orden\u00f3 la reposici\u00f3n del procedimiento aplicando, en forma\nindependiente a la PGR, los protocolos de Estambul a los polic\u00edas locales y\ndiversos procesados que alegaban haber sido torturados para obtener sus\nconfesiones; tambi\u00e9n deber\u00edan establecerse las sanciones por demoras\ninjustificadas y por dict\u00e1menes m\u00e9dicos cuestionados.<\/p>\n\n\n\n<p>La FGR hizo\nreferencia a la sentencia de mayo pasado, en la cual por decisi\u00f3n de un\ntribunal se orden\u00f3 la creaci\u00f3n de una comisi\u00f3n de ciudadanos en la que\nparticipara la Comisi\u00f3n Nacional de los Derechos Humanos y la Procuradur\u00eda\nGeneral de la Rep\u00fablica para cumplir con las funciones de investigaci\u00f3n y\npersecuci\u00f3n de los delitos.<\/p>\n\n\n\n<p>El pasado 4\nde septiembre el subsecretario Encinas inform\u00f3 en conferencia de prensa que el\nprocesamiento de los 142 detenidos por el caso Iguala se bas\u00f3 en 107 pruebas\nrecabadas en diversas averiguaciones previas que abri\u00f3 la PGR. Se\u00f1al\u00f3 que de\nellas s\u00f3lo subsisten 44, puesto que 63 fueron declaradas il\u00edcitas por el primer\ntribunal colegiado de circuito, con sede en Reynosa, Tamaulipas, debido a que\nse acredit\u00f3 una serie de violaciones al debido proceso, la integridad personal\ny a la libertad al detectarse detenciones ilegales, tortura, incomunicaci\u00f3n y\nviolaciones al derecho a una defensa adecuada.<\/p>\n\n\n\n<p>La\nliberaci\u00f3n de los 24 polic\u00edas municipales se suma a la de 13 elementos de\nIguala, que ahora demandan una indemnizaci\u00f3n de un mill\u00f3n de pesos para cada\nuno, y a la de Gildardo L\u00f3pez Astudillo, \u201cEl Gil\u201d, uno de los l\u00edderes del\nc\u00e1rtel de \u201cGuerreros Unidos\u201d.<\/p>\n","protected":false},"excerpt":{"rendered":"<p>Redacci\u00f3n\/Zona Roja Cdmx. Ciudad de M\u00e9xico, 15 de septiembre de 2019.- Un juez federal con&hellip;<\/p>\n","protected":false},"author":2,"featured_media":3986,"comment_status":"closed","ping_status":"open","sticky":false,"template":"","format":"standard","meta":{"_lmt_disableupdate":"","_lmt_disable":"","_jetpack_memberships_contains_paid_content":false,"footnotes":""},"categories":[109,47],"tags":[715],"class_list":["post-3985","post","type-post","status-publish","format-standard","has-post-thumbnail","hentry","category-minuto-a-minuto","category-zona-gris","tag-normalistas-ayotzinapa"],"jetpack_featured_media_url":"https:\/\/zonaroja.com.mx\/wp-content\/uploads\/2019\/09\/Ayotzi.jpeg","jetpack_sharing_enabled":true,"_links":{"self":[{"href":"https:\/\/zonaroja.com.mx\/index.php?rest_route=\/wp\/v2\/posts\/3985","targetHints":{"allow":["GET"]}}],"collection":[{"href":"https:\/\/zonaroja.com.mx\/index.php?rest_route=\/wp\/v2\/posts"}],"about":[{"href":"https:\/\/zonaroja.com.mx\/index.php?rest_route=\/wp\/v2\/types\/post"}],"author":[{"embeddable":true,"href":"https:\/\/zonaroja.com.mx\/index.php?rest_route=\/wp\/v2\/users\/2"}],"replies":[{"embeddable":true,"href":"https:\/\/zonaroja.com.mx\/index.php?rest_route=%2Fwp%2Fv2%2Fcomments&post=3985"}],"version-history":[{"count":1,"href":"https:\/\/zonaroja.com.mx\/index.php?rest_route=\/wp\/v2\/posts\/3985\/revisions"}],"predecessor-version":[{"id":3987,"href":"https:\/\/zonaroja.com.mx\/index.php?rest_route=\/wp\/v2\/posts\/3985\/revisions\/3987"}],"wp:featuredmedia":[{"embeddable":true,"href":"https:\/\/zonaroja.com.mx\/index.php?rest_route=\/wp\/v2\/media\/3986"}],"wp:attachment":[{"href":"https:\/\/zonaroja.com.mx\/index.php?rest_route=%2Fwp%2Fv2%2Fmedia&parent=3985"}],"wp:term":[{"taxonomy":"category","embeddable":true,"href":"https:\/\/zonaroja.com.mx\/index.php?rest_route=%2Fwp%2Fv2%2Fcategories&post=3985"},{"taxonomy":"post_tag","embeddable":true,"href":"https:\/\/zonaroja.com.mx\/index.php?rest_route=%2Fwp%2Fv2%2Ftags&post=3985"}],"curies":[{"name":"wp","href":"https:\/\/api.w.org\/{rel}","templated":true}]}}