{"id":39853,"date":"2022-04-11T20:45:54","date_gmt":"2022-04-12T01:45:54","guid":{"rendered":"http:\/\/www.zonaroja.com.mx\/?p=39853"},"modified":"2022-04-11T20:45:56","modified_gmt":"2022-04-12T01:45:56","slug":"edil-de-oaxaca-violenta-dos-veces-derechos-de-mujer-lo-sanciona-el-teeo","status":"publish","type":"post","link":"https:\/\/zonaroja.com.mx\/?p=39853","title":{"rendered":"Edil de Oaxaca violenta dos veces derechos de mujer; lo sanciona el TEEO"},"content":{"rendered":"\n<p>Redacci\u00f3n\/Zona Roja.<\/p>\n\n\n\n<p>Oaxaca de Ju\u00e1rez, Oax., a 11 de abril de 2022.- El Tribunal Electoral del Estado de Oaxaca (TEEO) declar\u00f3 la p\u00e9rdida de la presunci\u00f3n de tener un modo honesto de vivir, del presidente municipal de Santa Catalina Quier\u00ed, Timoteo Valencia V\u00e1squez, por su reincidencia en la comisi\u00f3n de actos de violencia pol\u00edtica en raz\u00f3n de g\u00e9nero, en contra de Anaberta Caballero Herreta, regidora suplente de Equidad de G\u00e9nero.<\/p>\n\n\n\n<p>Por unanimidad, la magistrada presidenta, el magistrado y la secretaria de estudio y cuenta en funciones de magistrada resolvieron en el Juicio para la Protecci\u00f3n de los Derechos Pol\u00edtico Electorales de la Ciudadan\u00eda en el R\u00e9gimen de Sistemas Normativos Internos, identificado con la clave JDCI\/53\/2021, que, con esta medida, Timoteo Valencia no podr\u00e1 contender, al menos en el pr\u00f3ximo proceso electoral, por un cargo de elecci\u00f3n popular.<\/p>\n\n\n\n<p>Determinaron que el edil de Santa Catalina Quier\u00ed realiz\u00f3 acciones, por segunda ocasi\u00f3n, en contra de Caballero Herreta, que vulneraron su derecho pol\u00edtico electoral de ser votada, en la vertiente del ejercicio del cargo.<\/p>\n\n\n\n<p>En esta \u00faltima ocasi\u00f3n, el denunciado no prob\u00f3 que sean falsas las denuncias hechas por la regidora, respecto a que la ha coaccionado para efecto de que firme su renuncia al cargo y que la ha obligado a firmar documentos de los cuales desconoce su contenido por no saber ni escribir, y que ha dejado de pagarle las dietas a que tiene derecho.<\/p>\n\n\n\n<p>Este \u00d3rgano Jurisdiccional, refiri\u00f3 el Pleno, tiene la certeza de que, el reiterado actuar del presidente municipal, atiene a una especie de represalia en contra de la actora, al haber ejercido previamente su derecho de defensa en contra de los actos de violencia desplegados por el concejal en cita.<\/p>\n\n\n\n<p>Anteriormente, mediante Juicio de la Ciudadan\u00eda n\u00famero JDCI\/61\/2020, este Tribunal tuvo probada la responsabilidad de Timoteo Valencia V\u00e1squez, por ejercer violencia pol\u00edtica de g\u00e9nero en contra de la misma regidora; ello, dado que ella hizo uso de su derecho a la salud reproductiva al decidir ser madre soltera, lo cual fue utilizado por el edil en cita, para afectar los derechos pol\u00edtico electorales de la impetrante, al intentar destituirla del cargo y dejar de pagarle las dietas a que ten\u00eda derecho.<\/p>\n\n\n\n<p>En consecuencia, esta sentencia ordena dar continuidad a las medidas cautelares dictadas en favor de la actora y la implementaci\u00f3n de diversas medidas de reparaci\u00f3n integral.&nbsp;<\/p>\n\n\n\n<p>(Comunicado)<\/p>\n","protected":false},"excerpt":{"rendered":"<p>Redacci\u00f3n\/Zona Roja. Oaxaca de Ju\u00e1rez, Oax., a 11 de abril de 2022.- El Tribunal Electoral&hellip;<\/p>\n","protected":false},"author":2,"featured_media":39854,"comment_status":"closed","ping_status":"open","sticky":false,"template":"","format":"standard","meta":{"_lmt_disableupdate":"","_lmt_disable":"","_jetpack_memberships_contains_paid_content":false,"footnotes":""},"categories":[109,47],"tags":[3097],"class_list":["post-39853","post","type-post","status-publish","format-standard","has-post-thumbnail","hentry","category-minuto-a-minuto","category-zona-gris","tag-santa-catalina-quieri"],"jetpack_featured_media_url":"https:\/\/zonaroja.com.mx\/wp-content\/uploads\/2022\/04\/Santa-Catalina-Quieri-2.jpg","jetpack_sharing_enabled":true,"_links":{"self":[{"href":"https:\/\/zonaroja.com.mx\/index.php?rest_route=\/wp\/v2\/posts\/39853","targetHints":{"allow":["GET"]}}],"collection":[{"href":"https:\/\/zonaroja.com.mx\/index.php?rest_route=\/wp\/v2\/posts"}],"about":[{"href":"https:\/\/zonaroja.com.mx\/index.php?rest_route=\/wp\/v2\/types\/post"}],"author":[{"embeddable":true,"href":"https:\/\/zonaroja.com.mx\/index.php?rest_route=\/wp\/v2\/users\/2"}],"replies":[{"embeddable":true,"href":"https:\/\/zonaroja.com.mx\/index.php?rest_route=%2Fwp%2Fv2%2Fcomments&post=39853"}],"version-history":[{"count":1,"href":"https:\/\/zonaroja.com.mx\/index.php?rest_route=\/wp\/v2\/posts\/39853\/revisions"}],"predecessor-version":[{"id":39855,"href":"https:\/\/zonaroja.com.mx\/index.php?rest_route=\/wp\/v2\/posts\/39853\/revisions\/39855"}],"wp:featuredmedia":[{"embeddable":true,"href":"https:\/\/zonaroja.com.mx\/index.php?rest_route=\/wp\/v2\/media\/39854"}],"wp:attachment":[{"href":"https:\/\/zonaroja.com.mx\/index.php?rest_route=%2Fwp%2Fv2%2Fmedia&parent=39853"}],"wp:term":[{"taxonomy":"category","embeddable":true,"href":"https:\/\/zonaroja.com.mx\/index.php?rest_route=%2Fwp%2Fv2%2Fcategories&post=39853"},{"taxonomy":"post_tag","embeddable":true,"href":"https:\/\/zonaroja.com.mx\/index.php?rest_route=%2Fwp%2Fv2%2Ftags&post=39853"}],"curies":[{"name":"wp","href":"https:\/\/api.w.org\/{rel}","templated":true}]}}