{"id":39867,"date":"2022-04-12T07:46:07","date_gmt":"2022-04-12T12:46:07","guid":{"rendered":"http:\/\/www.zonaroja.com.mx\/?p=39867"},"modified":"2022-04-12T07:46:09","modified_gmt":"2022-04-12T12:46:09","slug":"masacran-a-familia-en-edomex-y-les-dan-tiro-de-gracia-hay-cuatro-menores","status":"publish","type":"post","link":"https:\/\/zonaroja.com.mx\/?p=39867","title":{"rendered":"Masacran a familia en Edomex y les dan tiro de gracia; hay cuatro menores"},"content":{"rendered":"\n<p>Redacci\u00f3n\/Zona Roja Cdmx.<\/p>\n\n\n\n<p>Ciudad de M\u00e9xico, 12 de abril de 2012.- A 24 horas de la masacre, la Fiscal\u00eda General del Estado de M\u00e9xico no tiene hasta ahora pistas del o los autores del asesinato de una familia de ocho personas, incluyendo cuatro menores de edad, a quienes le dieron el tiro de gracia.<\/p>\n\n\n\n<p>Los hechos sucedieron ayer por la ma\u00f1ana en un domicilio de la calle cerrada de Mazahuas, colonia La Ca\u00f1ada del municipio de Tultepec, en que los vecinos dieron aviso a la polic\u00eda de detonaciones de arma de fuego.<\/p>\n\n\n\n<p>Al llegar los uniformados municipales, hallaron siete cad\u00e1veres de mujeres y una de un var\u00f3n, todos con el tiro de gracia en la cabeza.<\/p>\n\n\n\n<p>La Fiscal\u00eda General del Estado s\u00f3lo explic\u00f3 que hallaron algunas evidencias en dicho domicilio, pero que contin\u00faan las indagatorias.<\/p>\n\n\n\n<p>Los peritos hallaron incluso impactos de arma de fuego en el exterior del domicilio, pero hasta el momento se desconocen las causas del multihomicidio as\u00ed como el o los probables autores.<\/p>\n","protected":false},"excerpt":{"rendered":"<p>Redacci\u00f3n\/Zona Roja Cdmx. Ciudad de M\u00e9xico, 12 de abril de 2012.- A 24 horas de&hellip;<\/p>\n","protected":false},"author":2,"featured_media":39868,"comment_status":"closed","ping_status":"open","sticky":false,"template":"","format":"standard","meta":{"_lmt_disableupdate":"","_lmt_disable":"","_jetpack_memberships_contains_paid_content":false,"footnotes":""},"categories":[109,51],"tags":[3099],"class_list":["post-39867","post","type-post","status-publish","format-standard","has-post-thumbnail","hentry","category-minuto-a-minuto","category-zona-roja","tag-tultepec-estado-de-mexico"],"jetpack_featured_media_url":"https:\/\/zonaroja.com.mx\/wp-content\/uploads\/2022\/04\/Masacre-Tultepec-Edomex.jpeg","jetpack_sharing_enabled":true,"_links":{"self":[{"href":"https:\/\/zonaroja.com.mx\/index.php?rest_route=\/wp\/v2\/posts\/39867","targetHints":{"allow":["GET"]}}],"collection":[{"href":"https:\/\/zonaroja.com.mx\/index.php?rest_route=\/wp\/v2\/posts"}],"about":[{"href":"https:\/\/zonaroja.com.mx\/index.php?rest_route=\/wp\/v2\/types\/post"}],"author":[{"embeddable":true,"href":"https:\/\/zonaroja.com.mx\/index.php?rest_route=\/wp\/v2\/users\/2"}],"replies":[{"embeddable":true,"href":"https:\/\/zonaroja.com.mx\/index.php?rest_route=%2Fwp%2Fv2%2Fcomments&post=39867"}],"version-history":[{"count":1,"href":"https:\/\/zonaroja.com.mx\/index.php?rest_route=\/wp\/v2\/posts\/39867\/revisions"}],"predecessor-version":[{"id":39869,"href":"https:\/\/zonaroja.com.mx\/index.php?rest_route=\/wp\/v2\/posts\/39867\/revisions\/39869"}],"wp:featuredmedia":[{"embeddable":true,"href":"https:\/\/zonaroja.com.mx\/index.php?rest_route=\/wp\/v2\/media\/39868"}],"wp:attachment":[{"href":"https:\/\/zonaroja.com.mx\/index.php?rest_route=%2Fwp%2Fv2%2Fmedia&parent=39867"}],"wp:term":[{"taxonomy":"category","embeddable":true,"href":"https:\/\/zonaroja.com.mx\/index.php?rest_route=%2Fwp%2Fv2%2Fcategories&post=39867"},{"taxonomy":"post_tag","embeddable":true,"href":"https:\/\/zonaroja.com.mx\/index.php?rest_route=%2Fwp%2Fv2%2Ftags&post=39867"}],"curies":[{"name":"wp","href":"https:\/\/api.w.org\/{rel}","templated":true}]}}