{"id":39871,"date":"2022-04-12T08:15:48","date_gmt":"2022-04-12T13:15:48","guid":{"rendered":"http:\/\/www.zonaroja.com.mx\/?p=39871"},"modified":"2022-04-12T10:06:36","modified_gmt":"2022-04-12T15:06:36","slug":"armados-despojan-de-vivienda-a-mujer-en-oaxaca-capital-con-sus-hijas-menores","status":"publish","type":"post","link":"https:\/\/zonaroja.com.mx\/?p=39871","title":{"rendered":"Armados despojan de vivienda a mujer en Oaxaca capital, con sus hijas menores"},"content":{"rendered":"\n<p>Redacci\u00f3n\/Informativo 570.<\/p>\n\n\n\n<p>Oaxaca de Ju\u00e1rez, Oax., 12 de abril de 2022.- La madre de familia Luc\u00eda Pacheco Hern\u00e1ndez y sus tres hijas, de 10, ocho y tres a\u00f1os de edad, se quedaron en la calle, luego de que sujetos armados irrumpieron de forma violenta su domicilio ubicado en la colonia Santo Tom\u00e1s, cerca del fraccionamiento Xochimilco, perteneciente al municipio de Oaxaca de Ju\u00e1rez.<\/p>\n\n\n\n<p>Entre l\u00e1grimas, la mujer narr\u00f3 que durante la madrugada de este domingo, hombres armados entraron a su vivienda de l\u00e1mina, saquearon sus cosas de valor, se llevaron sus gallinas y un puerco que ten\u00eda, mientras un grupo realizaba esta acci\u00f3n, otro sujeto intent\u00f3 abusar de sus hijas, por lo que la mujer sali\u00f3 dijo desesperada en busca de auxilio.<\/p>\n\n\n\n<p>A trav\u00e9s del perfil de Facebook \u201cEl Fogonazo\u201d, la mujer pidi\u00f3 ayuda de la Fiscal\u00eda General del Estado, que hasta el momento no le ha brindado la atenci\u00f3n pese a que ya present\u00f3 su denuncia; adem\u00e1s pidi\u00f3 la ayuda a las autoridades de Oaxaca de Ju\u00e1rez y de las diversas instancias de la mujer, al se\u00f1alar que ella y sus hijas llevan varias horas sin comer.<\/p>\n\n\n\n<p>La mujer se\u00f1al\u00f3 que detr\u00e1s de esta injusticia que sufri\u00f3 podr\u00eda estar involucrado un taxista que le apodan el \u201cChon\u201d, quien podr\u00eda tener intereses en el predio donde viv\u00eda, por lo que insisti\u00f3 en la solidaridad de las autoridades estatales, al tener miedo de lo que le pudiera pasar a ellas y sus hijas.<\/p>\n\n\n\n<p>Tras gestiones, personal del DIF Oaxaca apoy\u00f3 a la mujer y a sus hijos con alimentos y alojamiento provisional. <\/p>\n\n\n\n<p>El testimonio completo de la mujer se encuentra en este perfil de Facebook: https:\/\/fb.watch\/ckpjNfknoa\/<\/p>\n","protected":false},"excerpt":{"rendered":"<p>Redacci\u00f3n\/Informativo 570. Oaxaca de Ju\u00e1rez, Oax., 12 de abril de 2022.- La madre de familia&hellip;<\/p>\n","protected":false},"author":2,"featured_media":39872,"comment_status":"closed","ping_status":"open","sticky":false,"template":"","format":"standard","meta":{"_lmt_disableupdate":"","_lmt_disable":"","_jetpack_memberships_contains_paid_content":false,"footnotes":""},"categories":[109,47],"tags":[148],"class_list":["post-39871","post","type-post","status-publish","format-standard","has-post-thumbnail","hentry","category-minuto-a-minuto","category-zona-gris","tag-oaxaca-de-juarez"],"jetpack_featured_media_url":"https:\/\/zonaroja.com.mx\/wp-content\/uploads\/2022\/04\/Familia-despojada-ciudad-de-Oaxaca.jpg","jetpack_sharing_enabled":true,"_links":{"self":[{"href":"https:\/\/zonaroja.com.mx\/index.php?rest_route=\/wp\/v2\/posts\/39871","targetHints":{"allow":["GET"]}}],"collection":[{"href":"https:\/\/zonaroja.com.mx\/index.php?rest_route=\/wp\/v2\/posts"}],"about":[{"href":"https:\/\/zonaroja.com.mx\/index.php?rest_route=\/wp\/v2\/types\/post"}],"author":[{"embeddable":true,"href":"https:\/\/zonaroja.com.mx\/index.php?rest_route=\/wp\/v2\/users\/2"}],"replies":[{"embeddable":true,"href":"https:\/\/zonaroja.com.mx\/index.php?rest_route=%2Fwp%2Fv2%2Fcomments&post=39871"}],"version-history":[{"count":2,"href":"https:\/\/zonaroja.com.mx\/index.php?rest_route=\/wp\/v2\/posts\/39871\/revisions"}],"predecessor-version":[{"id":39877,"href":"https:\/\/zonaroja.com.mx\/index.php?rest_route=\/wp\/v2\/posts\/39871\/revisions\/39877"}],"wp:featuredmedia":[{"embeddable":true,"href":"https:\/\/zonaroja.com.mx\/index.php?rest_route=\/wp\/v2\/media\/39872"}],"wp:attachment":[{"href":"https:\/\/zonaroja.com.mx\/index.php?rest_route=%2Fwp%2Fv2%2Fmedia&parent=39871"}],"wp:term":[{"taxonomy":"category","embeddable":true,"href":"https:\/\/zonaroja.com.mx\/index.php?rest_route=%2Fwp%2Fv2%2Fcategories&post=39871"},{"taxonomy":"post_tag","embeddable":true,"href":"https:\/\/zonaroja.com.mx\/index.php?rest_route=%2Fwp%2Fv2%2Ftags&post=39871"}],"curies":[{"name":"wp","href":"https:\/\/api.w.org\/{rel}","templated":true}]}}