{"id":39874,"date":"2022-04-12T08:22:59","date_gmt":"2022-04-12T13:22:59","guid":{"rendered":"http:\/\/www.zonaroja.com.mx\/?p=39874"},"modified":"2022-04-12T08:23:01","modified_gmt":"2022-04-12T13:23:01","slug":"intercede-maldita-vecindad-por-saxofonista-maria-elena-rios","status":"publish","type":"post","link":"https:\/\/zonaroja.com.mx\/?p=39874","title":{"rendered":"Intercede \u201cMaldita Vecindad\u201d por saxofonista Mar\u00eda Elena R\u00edos"},"content":{"rendered":"\n<p>Redacci\u00f3n\/Zona Roja Cdmx.<\/p>\n\n\n\n<p>Ciudad de M\u00e9xico, 12 de abril de 2022.- El grupo musical \u201cMaldita Vecindad y los Hijos del Quinto Patio\u201d pidi\u00f3 al subsecretario de Derechos Humanos, Alejandro Encinas, reincorporar las medidas cautelares que se le hab\u00edan proporcionado a Mar\u00eda Elena R\u00edos, saxofonista que fue atacada con \u00e1cido en 2019, con el fin de garantizar su seguridad.<\/p>\n\n\n\n<p>\u201cHacemos un llamado al se\u00f1or Alejandro Encinas, la compa\u00f1era Elena R\u00edos tiene riesgo en cualquier parte del pa\u00eds a donde se desplaza ya que su agresor por medio de otras personas la vigila a ella y su familia. Es injusto que se reduzcan las medidas de protecci\u00f3n a una mujer que lo \u00fanico que ha hecho es desnudar la violencia feminicida que se vive en M\u00e9xico\u201d, se\u00f1al\u00f3 el grupo en una publicaci\u00f3n en redes sociales.<\/p>\n\n\n\n<p>El pasado 8 de abril, Mar\u00eda Elena denunci\u00f3 que el Consejo Consultivo del Mecanismo de Protecci\u00f3n a Personas Defensoras de Derechos Humanos y Periodistas en M\u00e9xico le notific\u00f3 que le reducir\u00eda las medidas cautelares que se le hab\u00edan proporcionado.<\/p>\n\n\n\n<p>En redes sociales, la joven cuestion\u00f3 a Alejandro Encinas si es que acaso la medida se deb\u00eda a la amistad entre Enrique Irazoque, titular&nbsp;de la Unidad para la Defensa de los Derechos Humanos-Mecanismo de Protecci\u00f3n para Personas Defensoras Derechos Humanos y Periodistas en M\u00e9xico, con Arturo Peimbert, fiscal General de Oaxaca.<\/p>\n\n\n\n<p>Por ello, la \u201cMaldita Vecindad\u201d pidi\u00f3 garantizar la seguridad de Mar\u00eda Elena, no solo en Oaxaca, sino tambi\u00e9n la Ciudad de M\u00e9xico:<\/p>\n\n\n\n<p>\u201cSaludos de Paz y Baile.<\/p>\n\n\n\n<p>Hacemos un llamado al se\u00f1or Alejandro Encinas, la compa\u00f1era Elena R\u00edos tiene riesgo en cualquier parte del pa\u00eds a donde se desplaza ya que su agresor por medio de otras personas la vigila a ella y su familia.&nbsp;<\/p>\n\n\n\n<p>\u201cEs injusto que se reduzcan las medidas de protecci\u00f3n a una mujer que lo \u00fanico que ha hecho es desnudar la violencia feminicida que se vive en M\u00e9xico. Adem\u00e1s de ser m\u00fasica y de defender sus derechos humanos, tambi\u00e9n defiende los derechos de mujeres e infancias que sufren violencia.<\/p>\n\n\n\n<p>\u201cHacemos un llamado a que la incorporen con las medidas que garanticen su integridad no solo en territorio oaxaque\u00f1o, tambi\u00e9n en Ciudad de M\u00e9xico como cualquier punto del territorio nacional. No est\u00e1s sola Elena R\u00edos!!\u201d, poste\u00f3 la agrupaci\u00f3n musical.<\/p>\n\n\n\n<p>\u201cGracias hermanos de \u2018Maldita Vecindad\u2019 por acompa\u00f1arme en esta b\u00fasqueda de justicia. Se\u00f1or Alejandro Encinas, sigo esperando me regrese las medidas de protecci\u00f3n. Le recuerdo que #MiAgresorSigueLibre, los dem\u00e1s no tienen sentencia y tanto su familia como abogados me siguen amenazando\u201d, respondi\u00f3 v\u00eda redes sociales Mar\u00eda Elena R\u00edos.<\/p>\n\n\n\n<p>(Con informaci\u00f3n de \u00abEl Financiero\u00bb)<\/p>\n","protected":false},"excerpt":{"rendered":"<p>Redacci\u00f3n\/Zona Roja Cdmx. Ciudad de M\u00e9xico, 12 de abril de 2022.- El grupo musical \u201cMaldita&hellip;<\/p>\n","protected":false},"author":2,"featured_media":39875,"comment_status":"closed","ping_status":"open","sticky":false,"template":"","format":"standard","meta":{"_lmt_disableupdate":"","_lmt_disable":"","_jetpack_memberships_contains_paid_content":false,"footnotes":""},"categories":[109,47],"tags":[1124],"class_list":["post-39874","post","type-post","status-publish","format-standard","has-post-thumbnail","hentry","category-minuto-a-minuto","category-zona-gris","tag-maria-elena-rios-ortiz"],"jetpack_featured_media_url":"https:\/\/zonaroja.com.mx\/wp-content\/uploads\/2022\/04\/Maria-Elena-Rios.jpg","jetpack_sharing_enabled":true,"_links":{"self":[{"href":"https:\/\/zonaroja.com.mx\/index.php?rest_route=\/wp\/v2\/posts\/39874","targetHints":{"allow":["GET"]}}],"collection":[{"href":"https:\/\/zonaroja.com.mx\/index.php?rest_route=\/wp\/v2\/posts"}],"about":[{"href":"https:\/\/zonaroja.com.mx\/index.php?rest_route=\/wp\/v2\/types\/post"}],"author":[{"embeddable":true,"href":"https:\/\/zonaroja.com.mx\/index.php?rest_route=\/wp\/v2\/users\/2"}],"replies":[{"embeddable":true,"href":"https:\/\/zonaroja.com.mx\/index.php?rest_route=%2Fwp%2Fv2%2Fcomments&post=39874"}],"version-history":[{"count":1,"href":"https:\/\/zonaroja.com.mx\/index.php?rest_route=\/wp\/v2\/posts\/39874\/revisions"}],"predecessor-version":[{"id":39876,"href":"https:\/\/zonaroja.com.mx\/index.php?rest_route=\/wp\/v2\/posts\/39874\/revisions\/39876"}],"wp:featuredmedia":[{"embeddable":true,"href":"https:\/\/zonaroja.com.mx\/index.php?rest_route=\/wp\/v2\/media\/39875"}],"wp:attachment":[{"href":"https:\/\/zonaroja.com.mx\/index.php?rest_route=%2Fwp%2Fv2%2Fmedia&parent=39874"}],"wp:term":[{"taxonomy":"category","embeddable":true,"href":"https:\/\/zonaroja.com.mx\/index.php?rest_route=%2Fwp%2Fv2%2Fcategories&post=39874"},{"taxonomy":"post_tag","embeddable":true,"href":"https:\/\/zonaroja.com.mx\/index.php?rest_route=%2Fwp%2Fv2%2Ftags&post=39874"}],"curies":[{"name":"wp","href":"https:\/\/api.w.org\/{rel}","templated":true}]}}