{"id":39879,"date":"2022-04-12T13:20:09","date_gmt":"2022-04-12T18:20:09","guid":{"rendered":"https:\/\/www.zonaroja.com.mx\/?p=39879"},"modified":"2022-04-12T14:02:36","modified_gmt":"2022-04-12T19:02:36","slug":"captura-fiscalia-a-presunto-de-autor-de-masacre-de-cuatro-en-juchitan","status":"publish","type":"post","link":"https:\/\/zonaroja.com.mx\/?p=39879","title":{"rendered":"Captura Fiscal\u00eda a presunto autor de masacre de cuatro en Juchit\u00e1n"},"content":{"rendered":"\n<p>Redacci\u00f3n\/Zona Roja.&nbsp;<\/p>\n\n\n\n<p>Oaxaca de Ju\u00e1rez, Oax., 12 de abril de 2022.- Un individuo identificado como Cosme Dami\u00e1n L. M., alias \u201cEl Pel\u00f3n\u201d, fue capturado por Fiscal\u00eda General del Estado de Oaxaca (FGEO), por su presunta participaci\u00f3n en una masacre ocurrida en Juchit\u00e1n.&nbsp;<\/p>\n\n\n\n<p>En un comunicado, expuso que dio cumplimiento a la orden de aprehensi\u00f3n correspondiente contra dicha persona del sexo masculino como probable responsable del delito de homicidio calificado con ventaja contra cuatro personas, entre ellas una mujer.<\/p>\n\n\n\n<p>De acuerdo con la carpeta de investigaci\u00f3n 41151\/FIST\/JUCHITAN\/2021, el 14 de diciembre de 2021, un grupo de sujetos -entre los que se encontraba el imputado- agredi\u00f3 con disparos de arma de fuego a los masculinos G. S. L., J. L. F. G. y O. R. O., as\u00ed como a la mujer C. T. G., en el interior de un bar ubicado en la colonia Altamirano, en la poblaci\u00f3n de La Ventosa, perteneciente al referido municipio.&nbsp;<\/p>\n\n\n\n<p>Producto de este ataque, las cuatro personas fallecieron por las heridas infligidas.&nbsp;<\/p>\n\n\n\n<p>Ante este hecho, la instituci\u00f3n de procuraci\u00f3n de justicia inici\u00f3 una exhaustiva investigaci\u00f3n -a trav\u00e9s de la Vicefiscal\u00eda Regional del Istmo-, logrando cumplimentar la orden de aprehensi\u00f3n contra el probable responsable, quien fue presentado ante la autoridad judicial que lo requiri\u00f3, que determinar\u00e1 su situaci\u00f3n jur\u00eddica en pr\u00f3ximas horas.&nbsp;<\/p>\n\n\n\n<p>Por su parte, la Secretar\u00eda de Seguridad P\u00fablica de Oaxaca inform\u00f3 que el detenido fue trasladado e internado en el reclusorio varonil de San Francisco Tanivet, Tlacolula de Matamoros. <\/p>\n","protected":false},"excerpt":{"rendered":"<p>Redacci\u00f3n\/Zona Roja.&nbsp; Oaxaca de Ju\u00e1rez, Oax., 12 de abril de 2022.- Un individuo identificado como&hellip;<\/p>\n","protected":false},"author":2,"featured_media":39878,"comment_status":"closed","ping_status":"open","sticky":false,"template":"","format":"standard","meta":{"_lmt_disableupdate":"","_lmt_disable":"","_jetpack_memberships_contains_paid_content":false,"footnotes":""},"categories":[109,46],"tags":[],"class_list":["post-39879","post","type-post","status-publish","format-standard","has-post-thumbnail","hentry","category-minuto-a-minuto","category-zona-blanca"],"jetpack_featured_media_url":"https:\/\/zonaroja.com.mx\/wp-content\/uploads\/2022\/04\/img_9805.jpg","jetpack_sharing_enabled":true,"_links":{"self":[{"href":"https:\/\/zonaroja.com.mx\/index.php?rest_route=\/wp\/v2\/posts\/39879","targetHints":{"allow":["GET"]}}],"collection":[{"href":"https:\/\/zonaroja.com.mx\/index.php?rest_route=\/wp\/v2\/posts"}],"about":[{"href":"https:\/\/zonaroja.com.mx\/index.php?rest_route=\/wp\/v2\/types\/post"}],"author":[{"embeddable":true,"href":"https:\/\/zonaroja.com.mx\/index.php?rest_route=\/wp\/v2\/users\/2"}],"replies":[{"embeddable":true,"href":"https:\/\/zonaroja.com.mx\/index.php?rest_route=%2Fwp%2Fv2%2Fcomments&post=39879"}],"version-history":[{"count":2,"href":"https:\/\/zonaroja.com.mx\/index.php?rest_route=\/wp\/v2\/posts\/39879\/revisions"}],"predecessor-version":[{"id":39881,"href":"https:\/\/zonaroja.com.mx\/index.php?rest_route=\/wp\/v2\/posts\/39879\/revisions\/39881"}],"wp:featuredmedia":[{"embeddable":true,"href":"https:\/\/zonaroja.com.mx\/index.php?rest_route=\/wp\/v2\/media\/39878"}],"wp:attachment":[{"href":"https:\/\/zonaroja.com.mx\/index.php?rest_route=%2Fwp%2Fv2%2Fmedia&parent=39879"}],"wp:term":[{"taxonomy":"category","embeddable":true,"href":"https:\/\/zonaroja.com.mx\/index.php?rest_route=%2Fwp%2Fv2%2Fcategories&post=39879"},{"taxonomy":"post_tag","embeddable":true,"href":"https:\/\/zonaroja.com.mx\/index.php?rest_route=%2Fwp%2Fv2%2Ftags&post=39879"}],"curies":[{"name":"wp","href":"https:\/\/api.w.org\/{rel}","templated":true}]}}