{"id":39882,"date":"2022-04-12T14:20:48","date_gmt":"2022-04-12T19:20:48","guid":{"rendered":"http:\/\/www.zonaroja.com.mx\/?p=39882"},"modified":"2022-04-12T14:20:50","modified_gmt":"2022-04-12T19:20:50","slug":"luchan-por-mantener-libertad-de-roxana-oaxaquena-que-defendio-su-vida-y-mato-a-su-violador","status":"publish","type":"post","link":"https:\/\/zonaroja.com.mx\/?p=39882","title":{"rendered":"Luchan por mantener libertad de Roxana, oaxaque\u00f1a que defendi\u00f3 su vida y mat\u00f3 a su violador"},"content":{"rendered":"\n<p>Yuridiana Sosa\/Zona Roja.<\/p>\n\n\n\n<p>Oaxaca de Ju\u00e1rez, Oax., 12 de abril de 2022.- La libertad de Roxana Ruiz, madre oaxaque\u00f1a que mat\u00f3 a su agresor en defensa propia, est\u00e1 en riesgo, luego que un juez de Texcoco revoc\u00f3 el fin de semana la medida cautelar que hab\u00eda permitido, desde febrero, que continuar\u00e1 su proceso legal fuera de prisi\u00f3n.<\/p>\n\n\n\n<p>La originaria de Santiago Pinotepa Nacional, radicada en el Estado de M\u00e9xico, fue detenida en mayo de 2021 y enviada al penal de Nezahualc\u00f3yotl-Bordo de Xochiaco, por matar a su violador en defensa de su vida.<\/p>\n\n\n\n<p>Pero el 16 de febrero fue puesta en libertad, luego que un juez determin\u00f3 que la prisi\u00f3n preventiva impuesta era contraria a los tratados internacionales suscritos por M\u00e9xico.<\/p>\n\n\n\n<p>Ante el nuevo escenario legal, colectivos feministas y su defensa mantienen una f\u00e9rrea lucha para mantener a Roxana fuera de prisi\u00f3n el tiempo que se desarrolle el caso, sin embargo, tambi\u00e9n se han topado con la burocracia que pon\u00eda en riesgo procesos definitivos para esta defensa.<\/p>\n\n\n\n<p>Tras presiones medi\u00e1ticas, este martes el abogado inform\u00f3 en conferencia de prensa, afuera del Tribunal Poder Judicial de la Federaci\u00f3n de Ciudad Nezahualc\u00f3yotl, que logr\u00f3 interponer el amparo de la suspensi\u00f3n provisional del acto reclamado.<\/p>\n\n\n\n<p>El pr\u00f3ximo lunes 18 de abril se espera se resuelva este recurso a favor de Roxana, en la que se demanda que se respeten los protocolos de actuaci\u00f3n con perspectiva de g\u00e9nero y los tratados internacionales.<\/p>\n\n\n\n<p>Roxana, madre de 23 a\u00f1os de edad, est\u00e1 consciente de esta situaci\u00f3n y dispuesta a su reingreso al penal en caso que los jueces correspondientes as\u00ed lo determinen, indic\u00f3 el abogado.<\/p>\n\n\n\n<p>Por su parte, la Asamblea Vecinal \u201cNos Queremos Vivas Neza\u201d manifest\u00f3 que la acci\u00f3n contra Roxana es injustificada y atenta contra sus derechos.<\/p>\n\n\n\n<p>Este martes tambi\u00e9n se manifestaron fuera del Poder Judicial de la Federaci\u00f3n con la consigna \u201cDefender mi vida no es un delito\u201d \u201c\u00a1Roxana libre!\u201d \u201c\u00a1Roxana, hermana, aqu\u00ed est\u00e1 tu manada!\u201d.<\/p>\n","protected":false},"excerpt":{"rendered":"<p>Yuridiana Sosa\/Zona Roja. Oaxaca de Ju\u00e1rez, Oax., 12 de abril de 2022.- La libertad de&hellip;<\/p>\n","protected":false},"author":2,"featured_media":39883,"comment_status":"closed","ping_status":"open","sticky":false,"template":"","format":"standard","meta":{"_lmt_disableupdate":"","_lmt_disable":"","_jetpack_memberships_contains_paid_content":false,"footnotes":""},"categories":[109,47],"tags":[3035],"class_list":["post-39882","post","type-post","status-publish","format-standard","has-post-thumbnail","hentry","category-minuto-a-minuto","category-zona-gris","tag-roxana-ruiz-chavez"],"jetpack_featured_media_url":"https:\/\/zonaroja.com.mx\/wp-content\/uploads\/2022\/04\/Roxana-Oaxaca-libertad-Edomex.jpg","jetpack_sharing_enabled":true,"_links":{"self":[{"href":"https:\/\/zonaroja.com.mx\/index.php?rest_route=\/wp\/v2\/posts\/39882","targetHints":{"allow":["GET"]}}],"collection":[{"href":"https:\/\/zonaroja.com.mx\/index.php?rest_route=\/wp\/v2\/posts"}],"about":[{"href":"https:\/\/zonaroja.com.mx\/index.php?rest_route=\/wp\/v2\/types\/post"}],"author":[{"embeddable":true,"href":"https:\/\/zonaroja.com.mx\/index.php?rest_route=\/wp\/v2\/users\/2"}],"replies":[{"embeddable":true,"href":"https:\/\/zonaroja.com.mx\/index.php?rest_route=%2Fwp%2Fv2%2Fcomments&post=39882"}],"version-history":[{"count":1,"href":"https:\/\/zonaroja.com.mx\/index.php?rest_route=\/wp\/v2\/posts\/39882\/revisions"}],"predecessor-version":[{"id":39884,"href":"https:\/\/zonaroja.com.mx\/index.php?rest_route=\/wp\/v2\/posts\/39882\/revisions\/39884"}],"wp:featuredmedia":[{"embeddable":true,"href":"https:\/\/zonaroja.com.mx\/index.php?rest_route=\/wp\/v2\/media\/39883"}],"wp:attachment":[{"href":"https:\/\/zonaroja.com.mx\/index.php?rest_route=%2Fwp%2Fv2%2Fmedia&parent=39882"}],"wp:term":[{"taxonomy":"category","embeddable":true,"href":"https:\/\/zonaroja.com.mx\/index.php?rest_route=%2Fwp%2Fv2%2Fcategories&post=39882"},{"taxonomy":"post_tag","embeddable":true,"href":"https:\/\/zonaroja.com.mx\/index.php?rest_route=%2Fwp%2Fv2%2Ftags&post=39882"}],"curies":[{"name":"wp","href":"https:\/\/api.w.org\/{rel}","templated":true}]}}