{"id":3989,"date":"2019-09-15T12:13:02","date_gmt":"2019-09-15T17:13:02","guid":{"rendered":"https:\/\/www.zonaroja.com.mx\/?p=3989"},"modified":"2019-09-15T12:13:48","modified_gmt":"2019-09-15T17:13:48","slug":"inicio-sangriento-de-fiestas-patrias-en-oaxaca-dos-asesinados-a-balazos","status":"publish","type":"post","link":"https:\/\/zonaroja.com.mx\/?p=3989","title":{"rendered":"Inicio sangriento de fiestas patrias en Oaxaca: dos asesinados a balazos"},"content":{"rendered":"\n<p>Redacci\u00f3n\/Zona Roja:<\/p>\n\n\n\n<p>Oaxaca de Ju\u00e1rez, Oax., 15 de septiembre de 2019.- A unas horas del tradicional Grito de Independencia y del desfile alusivo, dos personas fueron asesinadas a balazos en Oaxaca, presuntamente durante un enfrentamiento entre polic\u00edas y probables delincuentes. <\/p>\n\n\n\n<p>Los hechos sucedieron alrededor de las 03:30 horas de este domingo en la calle 16 de Septiembre de la colonia Estaci\u00f3n de Ciudad Ixtepec.\u00d1, regi\u00f3n del Istmo de Tehuantepec. <\/p>\n\n\n\n<p>Una persona del sexo masculino de entre 20 a 25 a\u00f1os de edad fue ultimada por disparos de arma de fuego frente a un cajero autom\u00e1tico de una sucursal bancaria, al resistirse a un asalto. <\/p>\n\n\n\n<p>Al enterarse los polic\u00edas estatales, iniciaron una b\u00fasqueda y persecuci\u00f3n y fue en la Calzada Joaqu\u00edn Amaro donde ocurri\u00f3 un enfrentamiento y cay\u00f3 abatido un probable delincuente. <\/p>\n\n\n\n<p>Personal de la Vicefiscal\u00eda Regional del Istmo inici\u00f3 las indagatorias respectivas para deslindar responsabilidades. <\/p>\n\n\n\n<p><\/p>\n\n\n\n<p><\/p>\n","protected":false},"excerpt":{"rendered":"<p>Redacci\u00f3n\/Zona Roja: Oaxaca de Ju\u00e1rez, Oax., 15 de septiembre de 2019.- A unas horas del&hellip;<\/p>\n","protected":false},"author":2,"featured_media":3988,"comment_status":"closed","ping_status":"open","sticky":false,"template":"","format":"standard","meta":{"_lmt_disableupdate":"","_lmt_disable":"","_jetpack_memberships_contains_paid_content":false,"footnotes":""},"categories":[1],"tags":[],"class_list":["post-3989","post","type-post","status-publish","format-standard","has-post-thumbnail","hentry","category-sin-categoria"],"jetpack_featured_media_url":"https:\/\/zonaroja.com.mx\/wp-content\/uploads\/2019\/09\/ezy-watermark_15-09-2019_10-21-20a.-m..jpg","jetpack_sharing_enabled":true,"_links":{"self":[{"href":"https:\/\/zonaroja.com.mx\/index.php?rest_route=\/wp\/v2\/posts\/3989","targetHints":{"allow":["GET"]}}],"collection":[{"href":"https:\/\/zonaroja.com.mx\/index.php?rest_route=\/wp\/v2\/posts"}],"about":[{"href":"https:\/\/zonaroja.com.mx\/index.php?rest_route=\/wp\/v2\/types\/post"}],"author":[{"embeddable":true,"href":"https:\/\/zonaroja.com.mx\/index.php?rest_route=\/wp\/v2\/users\/2"}],"replies":[{"embeddable":true,"href":"https:\/\/zonaroja.com.mx\/index.php?rest_route=%2Fwp%2Fv2%2Fcomments&post=3989"}],"version-history":[{"count":1,"href":"https:\/\/zonaroja.com.mx\/index.php?rest_route=\/wp\/v2\/posts\/3989\/revisions"}],"predecessor-version":[{"id":3990,"href":"https:\/\/zonaroja.com.mx\/index.php?rest_route=\/wp\/v2\/posts\/3989\/revisions\/3990"}],"wp:featuredmedia":[{"embeddable":true,"href":"https:\/\/zonaroja.com.mx\/index.php?rest_route=\/wp\/v2\/media\/3988"}],"wp:attachment":[{"href":"https:\/\/zonaroja.com.mx\/index.php?rest_route=%2Fwp%2Fv2%2Fmedia&parent=3989"}],"wp:term":[{"taxonomy":"category","embeddable":true,"href":"https:\/\/zonaroja.com.mx\/index.php?rest_route=%2Fwp%2Fv2%2Fcategories&post=3989"},{"taxonomy":"post_tag","embeddable":true,"href":"https:\/\/zonaroja.com.mx\/index.php?rest_route=%2Fwp%2Fv2%2Ftags&post=3989"}],"curies":[{"name":"wp","href":"https:\/\/api.w.org\/{rel}","templated":true}]}}