{"id":39905,"date":"2022-04-12T22:26:19","date_gmt":"2022-04-13T03:26:19","guid":{"rendered":"http:\/\/www.zonaroja.com.mx\/?p=39905"},"modified":"2022-04-12T22:39:49","modified_gmt":"2022-04-13T03:39:49","slug":"hallan-muerta-en-oaxaca-a-joven-mujer-originaria-de-guerrero","status":"publish","type":"post","link":"https:\/\/zonaroja.com.mx\/?p=39905","title":{"rendered":"Asesinan en Oaxaca a joven mujer originaria de Guerrero"},"content":{"rendered":"\n<p>Redacci\u00f3n\/Zona Roja.<\/p>\n\n\n\n<p>Oaxaca de Ju\u00e1rez, Oax., 12 de abril de 20222.- El cuerpo sin vida de una mujer, en estado de putrefacci\u00f3n, fue hallado este martes en San Juan Bautista Lo de Soto, municipio de la regi\u00f3n Costa de Oaxaca.<\/p>\n\n\n\n<p>De acuerdo con datos preliminares, fue identificada como Frida Alondra, era originaria de Cuajinicuilapa, del vecino estado de Guerrero, y hab\u00eda acudido el pasado viernes a una fiesta a la entidad oaxaque\u00f1a.<\/p>\n\n\n\n<p>Seg\u00fan los primeros reportes, el cuerpo de la mujer de entre 16 y 18 a\u00f1os de edad ten\u00eda huellas de violencia, disparos de arma de fuego y probable agresi\u00f3n sexual.<\/p>\n\n\n\n<p>Personal de la Vicefiscal\u00eda Regional de la Costa, dependiente de la Fiscal\u00eda General del Estado de Oaxaca, acudi\u00f3 al levantamiento del cad\u00e1ver e inici\u00f3 la respectiva Carpeta de Investigaci\u00f3n.<\/p>\n","protected":false},"excerpt":{"rendered":"<p>Redacci\u00f3n\/Zona Roja. Oaxaca de Ju\u00e1rez, Oax., 12 de abril de 20222.- El cuerpo sin vida&hellip;<\/p>\n","protected":false},"author":2,"featured_media":39906,"comment_status":"closed","ping_status":"open","sticky":false,"template":"","format":"standard","meta":{"_lmt_disableupdate":"","_lmt_disable":"","_jetpack_memberships_contains_paid_content":false,"footnotes":""},"categories":[109,51],"tags":[3101],"class_list":["post-39905","post","type-post","status-publish","format-standard","has-post-thumbnail","hentry","category-minuto-a-minuto","category-zona-roja","tag-cuajinicuilapa-guerrero"],"jetpack_featured_media_url":"https:\/\/zonaroja.com.mx\/wp-content\/uploads\/2022\/04\/Feminicidio-Oaxaca-Cuajuinicuilapa.jpg","jetpack_sharing_enabled":true,"_links":{"self":[{"href":"https:\/\/zonaroja.com.mx\/index.php?rest_route=\/wp\/v2\/posts\/39905","targetHints":{"allow":["GET"]}}],"collection":[{"href":"https:\/\/zonaroja.com.mx\/index.php?rest_route=\/wp\/v2\/posts"}],"about":[{"href":"https:\/\/zonaroja.com.mx\/index.php?rest_route=\/wp\/v2\/types\/post"}],"author":[{"embeddable":true,"href":"https:\/\/zonaroja.com.mx\/index.php?rest_route=\/wp\/v2\/users\/2"}],"replies":[{"embeddable":true,"href":"https:\/\/zonaroja.com.mx\/index.php?rest_route=%2Fwp%2Fv2%2Fcomments&post=39905"}],"version-history":[{"count":3,"href":"https:\/\/zonaroja.com.mx\/index.php?rest_route=\/wp\/v2\/posts\/39905\/revisions"}],"predecessor-version":[{"id":39909,"href":"https:\/\/zonaroja.com.mx\/index.php?rest_route=\/wp\/v2\/posts\/39905\/revisions\/39909"}],"wp:featuredmedia":[{"embeddable":true,"href":"https:\/\/zonaroja.com.mx\/index.php?rest_route=\/wp\/v2\/media\/39906"}],"wp:attachment":[{"href":"https:\/\/zonaroja.com.mx\/index.php?rest_route=%2Fwp%2Fv2%2Fmedia&parent=39905"}],"wp:term":[{"taxonomy":"category","embeddable":true,"href":"https:\/\/zonaroja.com.mx\/index.php?rest_route=%2Fwp%2Fv2%2Fcategories&post=39905"},{"taxonomy":"post_tag","embeddable":true,"href":"https:\/\/zonaroja.com.mx\/index.php?rest_route=%2Fwp%2Fv2%2Ftags&post=39905"}],"curies":[{"name":"wp","href":"https:\/\/api.w.org\/{rel}","templated":true}]}}