{"id":3991,"date":"2019-09-15T16:19:48","date_gmt":"2019-09-15T21:19:48","guid":{"rendered":"http:\/\/www.zonaroja.com.mx\/?p=3991"},"modified":"2019-09-15T16:19:50","modified_gmt":"2019-09-15T21:19:50","slug":"violentan-a-otra-mujer-en-oaxaca-tras-discutir-con-su-pareja-se-tira-de-puente","status":"publish","type":"post","link":"https:\/\/zonaroja.com.mx\/?p=3991","title":{"rendered":"Violentan a otra mujer en Oaxaca; tras discutir con su pareja, se tira de puente"},"content":{"rendered":"\n<p>Redacci\u00f3n\/Zona\nRoja.<\/p>\n\n\n\n<p>Oaxaca de\nJu\u00e1rez, Oax., 15 de septiembre de 2019.- Otra mujer fue v\u00edctima de violencia en\nla capital oaxaque\u00f1a.<\/p>\n\n\n\n<p>Este domingo\nal mediod\u00eda, presuntamente tras discutir con su pareja, una joven se tir\u00f3 del\npuente vehicular sobre el r\u00edo \u201cAtoyac\u201d, en inmediaciones de la colonia Vicente\nSu\u00e1rez de la ciudad de Oaxaca.<\/p>\n\n\n\n<p>La persona cay\u00f3 en tierra, por lo que qued\u00f3 malherida, en tanto que su supuesta pareja \u00fanicamente la miraba.<\/p>\n\n\n\n<figure class=\"wp-block-image\"><img decoding=\"async\" width=\"836\" height=\"627\" src=\"http:\/\/www.zonaroja.com.mx\/wp-content\/uploads\/2019\/09\/8f8cd8b3-a4ab-4325-acac-feaea9597c4c-1.jpg\" alt=\"\" class=\"wp-image-3993\" srcset=\"https:\/\/zonaroja.com.mx\/wp-content\/uploads\/2019\/09\/8f8cd8b3-a4ab-4325-acac-feaea9597c4c-1.jpg 836w, https:\/\/zonaroja.com.mx\/wp-content\/uploads\/2019\/09\/8f8cd8b3-a4ab-4325-acac-feaea9597c4c-1-300x225.jpg 300w, https:\/\/zonaroja.com.mx\/wp-content\/uploads\/2019\/09\/8f8cd8b3-a4ab-4325-acac-feaea9597c4c-1-768x576.jpg 768w, https:\/\/zonaroja.com.mx\/wp-content\/uploads\/2019\/09\/8f8cd8b3-a4ab-4325-acac-feaea9597c4c-1-585x439.jpg 585w\" sizes=\"(max-width: 836px) 100vw, 836px\" \/><\/figure>\n\n\n\n<p>Tras ello\narribaron param\u00e9dicos de la Cruz Roja Mexicana, que la valoraron y la trasladaron\nal Hospital General \u201cDr. Aurelio Valdivieso\u201d, donde se reporta grave.<\/p>\n\n\n\n<p>De acuerdo\ncon los primeros reportes policiacos, la mujer responde al nombre de Concepci\u00f3n\nV. R., de 37 a\u00f1os de edad; supuestamente ambos ten\u00edan aliento alcoh\u00f3lico cuando\ndiscut\u00edan.<\/p>\n","protected":false},"excerpt":{"rendered":"<p>Redacci\u00f3n\/Zona Roja. Oaxaca de Ju\u00e1rez, Oax., 15 de septiembre de 2019.- Otra mujer fue v\u00edctima&hellip;<\/p>\n","protected":false},"author":2,"featured_media":3992,"comment_status":"closed","ping_status":"open","sticky":false,"template":"","format":"standard","meta":{"_lmt_disableupdate":"","_lmt_disable":"","_jetpack_memberships_contains_paid_content":false,"footnotes":""},"categories":[109,51],"tags":[148,190],"class_list":["post-3991","post","type-post","status-publish","format-standard","has-post-thumbnail","hentry","category-minuto-a-minuto","category-zona-roja","tag-oaxaca-de-juarez","tag-violencia-de-genero"],"jetpack_featured_media_url":"https:\/\/zonaroja.com.mx\/wp-content\/uploads\/2019\/09\/dac4fa78-0b75-4335-a78b-fac0d4ef48bd.jpg","jetpack_sharing_enabled":true,"_links":{"self":[{"href":"https:\/\/zonaroja.com.mx\/index.php?rest_route=\/wp\/v2\/posts\/3991","targetHints":{"allow":["GET"]}}],"collection":[{"href":"https:\/\/zonaroja.com.mx\/index.php?rest_route=\/wp\/v2\/posts"}],"about":[{"href":"https:\/\/zonaroja.com.mx\/index.php?rest_route=\/wp\/v2\/types\/post"}],"author":[{"embeddable":true,"href":"https:\/\/zonaroja.com.mx\/index.php?rest_route=\/wp\/v2\/users\/2"}],"replies":[{"embeddable":true,"href":"https:\/\/zonaroja.com.mx\/index.php?rest_route=%2Fwp%2Fv2%2Fcomments&post=3991"}],"version-history":[{"count":1,"href":"https:\/\/zonaroja.com.mx\/index.php?rest_route=\/wp\/v2\/posts\/3991\/revisions"}],"predecessor-version":[{"id":3994,"href":"https:\/\/zonaroja.com.mx\/index.php?rest_route=\/wp\/v2\/posts\/3991\/revisions\/3994"}],"wp:featuredmedia":[{"embeddable":true,"href":"https:\/\/zonaroja.com.mx\/index.php?rest_route=\/wp\/v2\/media\/3992"}],"wp:attachment":[{"href":"https:\/\/zonaroja.com.mx\/index.php?rest_route=%2Fwp%2Fv2%2Fmedia&parent=3991"}],"wp:term":[{"taxonomy":"category","embeddable":true,"href":"https:\/\/zonaroja.com.mx\/index.php?rest_route=%2Fwp%2Fv2%2Fcategories&post=3991"},{"taxonomy":"post_tag","embeddable":true,"href":"https:\/\/zonaroja.com.mx\/index.php?rest_route=%2Fwp%2Fv2%2Ftags&post=3991"}],"curies":[{"name":"wp","href":"https:\/\/api.w.org\/{rel}","templated":true}]}}