{"id":39921,"date":"2022-04-13T07:28:10","date_gmt":"2022-04-13T12:28:10","guid":{"rendered":"http:\/\/www.zonaroja.com.mx\/?p=39921"},"modified":"2022-04-13T07:28:12","modified_gmt":"2022-04-13T12:28:12","slug":"martes-santo-dejo-16-contagios-de-covid-y-1-deceso-en-oaxaca","status":"publish","type":"post","link":"https:\/\/zonaroja.com.mx\/?p=39921","title":{"rendered":"Martes Santo dej\u00f3 16 contagios de Covid y 1 deceso en Oaxaca"},"content":{"rendered":"\n<p>Redacci\u00f3n\/Zona Roja.<\/p>\n\n\n\n<p>Oaxaca de Ju\u00e1rez, Oax. 123de abril de 2022.-En la actualizaci\u00f3n del curso de la pandemia en el territorio oaxaque\u00f1o, los Servicios de Salud de Oaxaca (SSO) reportaron ayer 12 de abril 16 casos nuevos de Covid-19, distribuidos en ocho municipios, que suman 119 mil 483 acumulados.<\/p>\n\n\n\n<p>Para este martes se contabiliz\u00f3 un total de 208 mil 666 notificaciones, 83 mil 406 son casos negativos, cinco mil 777 sospechosos y lamentablemente se report\u00f3 una defunci\u00f3n en la Mixteca, para un global de seis mil 150 fallecimientos en toda la entidad.<\/p>\n\n\n\n<p>Mientras que la cifra de personas recuperadas de la enfermedad alcanz\u00f3 los 113 mil 222 casos y actualmente son 111 los pacientes que cursan con la patolog\u00eda en etapa activa, residentes de 22 localidades.<\/p>\n\n\n\n<p>Durante la pandemia el 10.7% de las personas que han dado positivo a Covid-19 han requerido hospitalizaci\u00f3n, principalmente debido a complicaciones derivadas por enfermedades cr\u00f3nico degenerativas.<\/p>\n\n\n\n<p>En esta jornada, la red de nosocomios en el estado presenta el 92% de disponibilidad, es decir, hay 28 camas ocupadas de un total de 352; cuatro nosocomios se encuentran al 100% de saturaci\u00f3n, y en las \u00faltimas 24 horas se report\u00f3 el ingreso hospitalario de tres nuevos pacientes.<\/p>\n\n\n\n<p>De los 16 casos nuevos que se registraron en las estad\u00edsticas de este d\u00eda, 15 pertenecen a la Jurisdicci\u00f3n Sanitaria de Valles Centrales, principalmente en Oaxaca de Ju\u00e1rez, zona que present\u00f3 nueve casos y un positivo en el Istmo, espec\u00edficamente en Salina Cruz.<\/p>\n\n\n\n<p>Por ubicaci\u00f3n geogr\u00e1fica, Valles Centrales acumul\u00f3 72 mil 972 confirmados, 34 activos y dos mil 678 defunciones, Istmo 16 mil 678 confirmados, 12 activos y mil 350 defunciones, Tuxtepec ocho mil 987 confirmados, 59 activos y 619 defunciones, Costa ocho mil 295 confirmados, cuatro activos y 516 defunciones, Mixteca ocho mil 719 confirmados, un activo y 645 defunciones, Sierra tres mil 832 confirmados, un activo y 342 defunciones.<\/p>\n\n\n\n<p>La dependencia exhort\u00f3 a la poblaci\u00f3n en este periodo vacacional a redoblar la aplicaci\u00f3n de protocolos de higiene y el uso adecuado de cubrebocas, as\u00ed como completar el esquema de vacunaci\u00f3n contra el coronavirus, ya que existe el riesgo de aumento en el n\u00famero de contagios asociado a movilizaciones e interacciones sociales por los d\u00edas de asueto en esta Semana Santa 2022.<\/p>\n","protected":false},"excerpt":{"rendered":"<p>Redacci\u00f3n\/Zona Roja. Oaxaca de Ju\u00e1rez, Oax. 123de abril de 2022.-En la actualizaci\u00f3n del curso de&hellip;<\/p>\n","protected":false},"author":2,"featured_media":39916,"comment_status":"closed","ping_status":"open","sticky":false,"template":"","format":"standard","meta":{"_lmt_disableupdate":"","_lmt_disable":"","_jetpack_memberships_contains_paid_content":false,"footnotes":""},"categories":[109,47],"tags":[1512],"class_list":["post-39921","post","type-post","status-publish","format-standard","has-post-thumbnail","hentry","category-minuto-a-minuto","category-zona-gris","tag-coronavirus-oaxaca"],"jetpack_featured_media_url":"https:\/\/zonaroja.com.mx\/wp-content\/uploads\/2022\/04\/Covid-casos-coronavirus-12-abril.jpg","jetpack_sharing_enabled":true,"_links":{"self":[{"href":"https:\/\/zonaroja.com.mx\/index.php?rest_route=\/wp\/v2\/posts\/39921","targetHints":{"allow":["GET"]}}],"collection":[{"href":"https:\/\/zonaroja.com.mx\/index.php?rest_route=\/wp\/v2\/posts"}],"about":[{"href":"https:\/\/zonaroja.com.mx\/index.php?rest_route=\/wp\/v2\/types\/post"}],"author":[{"embeddable":true,"href":"https:\/\/zonaroja.com.mx\/index.php?rest_route=\/wp\/v2\/users\/2"}],"replies":[{"embeddable":true,"href":"https:\/\/zonaroja.com.mx\/index.php?rest_route=%2Fwp%2Fv2%2Fcomments&post=39921"}],"version-history":[{"count":1,"href":"https:\/\/zonaroja.com.mx\/index.php?rest_route=\/wp\/v2\/posts\/39921\/revisions"}],"predecessor-version":[{"id":39922,"href":"https:\/\/zonaroja.com.mx\/index.php?rest_route=\/wp\/v2\/posts\/39921\/revisions\/39922"}],"wp:featuredmedia":[{"embeddable":true,"href":"https:\/\/zonaroja.com.mx\/index.php?rest_route=\/wp\/v2\/media\/39916"}],"wp:attachment":[{"href":"https:\/\/zonaroja.com.mx\/index.php?rest_route=%2Fwp%2Fv2%2Fmedia&parent=39921"}],"wp:term":[{"taxonomy":"category","embeddable":true,"href":"https:\/\/zonaroja.com.mx\/index.php?rest_route=%2Fwp%2Fv2%2Fcategories&post=39921"},{"taxonomy":"post_tag","embeddable":true,"href":"https:\/\/zonaroja.com.mx\/index.php?rest_route=%2Fwp%2Fv2%2Ftags&post=39921"}],"curies":[{"name":"wp","href":"https:\/\/api.w.org\/{rel}","templated":true}]}}