{"id":39923,"date":"2022-04-13T12:45:00","date_gmt":"2022-04-13T17:45:00","guid":{"rendered":"http:\/\/www.zonaroja.com.mx\/?p=39923"},"modified":"2022-04-13T07:46:38","modified_gmt":"2022-04-13T12:46:38","slug":"opinion-el-revocatorio-y-la-correlacion-de-fuerzas","status":"publish","type":"post","link":"https:\/\/zonaroja.com.mx\/?p=39923","title":{"rendered":"Opini\u00f3n. El revocatorio y la correlaci\u00f3n de fuerzas"},"content":{"rendered":"\n<p>Gibr\u00e1n Ram\u00edrez Reyes*<\/p>\n\n\n\n<p>Por la correlaci\u00f3n de fuerzas legislativas, M\u00e9xico enfrenta un escenario de posible par\u00e1lisis pol\u00edtica institucional, que junto con otros factores, marcar\u00e1 el tono del fin del sexenio.&nbsp;<\/p>\n\n\n\n<p>Ninguna fuerza pol\u00edtica puede hacer avanzar su agenda \u2014la oposici\u00f3n ni siquiera la tiene\u2014, ni hay condiciones para pensar que esto suceder\u00e1 en los pr\u00f3ximos dos a\u00f1os. Esa par\u00e1lisis pol\u00edtica no se super\u00f3 mediante el di\u00e1logo o el acuerdo, que el PAN dio por cancelado con la Secretar\u00eda de Gobernaci\u00f3n y que el secretario de Gobernaci\u00f3n dio por cancelado tambi\u00e9n con todo mundo mediante su giro discursivo y su participaci\u00f3n abierta y decidida en m\u00edtines donde incluso ha confrontado a gobernadores de la oposici\u00f3n.&nbsp;<\/p>\n\n\n\n<p>El Presidente apost\u00f3, para romper la par\u00e1lisis, por la movilizaci\u00f3n popular de un voto de confianza mediante el refer\u00e9ndum revocatorio \u2014descansando para ello en estructuras del partido, la sociedad civil y el gobierno.&nbsp;<\/p>\n\n\n\n<p>La oposici\u00f3n actu\u00f3, por primera vez, de modo m\u00e1s o menos inteligente y opt\u00f3 por la abstenci\u00f3n, por pedirle al Presidente que se quede con su mandato y con su desgaste, porque no ten\u00edan ninguna posibilidad de ganarle.&nbsp;<\/p>\n\n\n\n<p>Los resultados de este ejercicio son forzosamente ambiguos, pero en ninguna de las posibilidades rompen el empate: pueden ser interpretados como un \u00e9xito absoluto solo si se miden con el refer\u00e9ndum pasado, porque es la primera vez que se ejerce un instrumento de democracia participativa de ese tipo; se pueden considerar, asimismo, como un testimonio de la p\u00e9rdida de fuerza del partido en el gobierno, dado que se tuvieron menos votos que la coalici\u00f3n y partidos obradoristas en la elecci\u00f3n intermedia de 2021; o hay quien puede interpretarlos como un fracaso absoluto, el paso de los 31 millones de votos de 2018 a casi la mitad,&nbsp;un n\u00famero de votos m\u00e1s cercano&nbsp;al que tuvo Ricardo Anaya.&nbsp;<\/p>\n\n\n\n<p>Dado que el revocatorio no rompi\u00f3 el empate de fuerzas, no tuvo una participaci\u00f3n que intimide a la oposici\u00f3n sino que, al contrario, la apodera, comenzar\u00e1 una contraofensiva para revertir desde ahora los cambios generados por L\u00f3pez Obrador y que disgustaron tanto a las \u00e9lites en el escenario del poder judicial, como se intent\u00f3 hace unos d\u00edas en el caso de la Ley de la Industria El\u00e9ctrica cuya constitucionalidad fue validada con una apretada defensa en la Suprema Corte.&nbsp;<\/p>\n\n\n\n<p>Quienes apuestan m\u00e1s firmemente por la par\u00e1lisis son el PAN, el gobierno de Estados Unidos, las trasnacionales energ\u00e9ticas que buscan frenar la reforma constitucional y el INE \u2014que busca frenar la reforma pol\u00edtica\u2014.&nbsp;<\/p>\n\n\n\n<p>Como sucedi\u00f3 en el Tribunal Electoral, actores que comenzaron el sexenio con la mayor de las docilidades, tender\u00e1n a rebelarse cada vez m\u00e1s ante la Presidencia de la Rep\u00fablica sin ofrecer alguna alternativa m\u00e1s o menos clara.&nbsp;<\/p>\n\n\n\n<p>Si no se opta de ambos lados por corregir la ruta, si no se sortea este escenario con acuerdos para los dos \u00faltimos a\u00f1os del gobierno de L\u00f3pez Obrador, enfrentaremos un escenario de crisis de fin de sexenio, con una oposici\u00f3n m\u00e1s envalentonada, \u00e1rbitros menos imparciales, una Presidencia debilitada pol\u00edticamente, endurecida por lo tanto, con un n\u00facleo de apoyo muy s\u00f3lido \u2014endurecido tambi\u00e9n\u2014, pero menos numeroso.&nbsp;<\/p>\n\n\n\n<p>*Doctor en ciencia pol\u00edtica por la UNAM.&nbsp;<\/p>\n\n\n\n<p>@gibranrr<\/p>\n","protected":false},"excerpt":{"rendered":"<p>Gibr\u00e1n Ram\u00edrez Reyes* Por la correlaci\u00f3n de fuerzas legislativas, M\u00e9xico enfrenta un escenario de posible&hellip;<\/p>\n","protected":false},"author":2,"featured_media":24099,"comment_status":"closed","ping_status":"open","sticky":false,"template":"","format":"standard","meta":{"_lmt_disableupdate":"","_lmt_disable":"","_jetpack_memberships_contains_paid_content":false,"footnotes":""},"categories":[456,109],"tags":[2489],"class_list":["post-39923","post","type-post","status-publish","format-standard","has-post-thumbnail","hentry","category-columna","category-minuto-a-minuto","tag-gibran-ramirez-reyes"],"jetpack_featured_media_url":"https:\/\/zonaroja.com.mx\/wp-content\/uploads\/2021\/02\/Gibran-Ramirez-Reyes.jpg","jetpack_sharing_enabled":true,"_links":{"self":[{"href":"https:\/\/zonaroja.com.mx\/index.php?rest_route=\/wp\/v2\/posts\/39923","targetHints":{"allow":["GET"]}}],"collection":[{"href":"https:\/\/zonaroja.com.mx\/index.php?rest_route=\/wp\/v2\/posts"}],"about":[{"href":"https:\/\/zonaroja.com.mx\/index.php?rest_route=\/wp\/v2\/types\/post"}],"author":[{"embeddable":true,"href":"https:\/\/zonaroja.com.mx\/index.php?rest_route=\/wp\/v2\/users\/2"}],"replies":[{"embeddable":true,"href":"https:\/\/zonaroja.com.mx\/index.php?rest_route=%2Fwp%2Fv2%2Fcomments&post=39923"}],"version-history":[{"count":1,"href":"https:\/\/zonaroja.com.mx\/index.php?rest_route=\/wp\/v2\/posts\/39923\/revisions"}],"predecessor-version":[{"id":39924,"href":"https:\/\/zonaroja.com.mx\/index.php?rest_route=\/wp\/v2\/posts\/39923\/revisions\/39924"}],"wp:featuredmedia":[{"embeddable":true,"href":"https:\/\/zonaroja.com.mx\/index.php?rest_route=\/wp\/v2\/media\/24099"}],"wp:attachment":[{"href":"https:\/\/zonaroja.com.mx\/index.php?rest_route=%2Fwp%2Fv2%2Fmedia&parent=39923"}],"wp:term":[{"taxonomy":"category","embeddable":true,"href":"https:\/\/zonaroja.com.mx\/index.php?rest_route=%2Fwp%2Fv2%2Fcategories&post=39923"},{"taxonomy":"post_tag","embeddable":true,"href":"https:\/\/zonaroja.com.mx\/index.php?rest_route=%2Fwp%2Fv2%2Ftags&post=39923"}],"curies":[{"name":"wp","href":"https:\/\/api.w.org\/{rel}","templated":true}]}}