{"id":39925,"date":"2022-04-13T07:53:47","date_gmt":"2022-04-13T12:53:47","guid":{"rendered":"http:\/\/www.zonaroja.com.mx\/?p=39925"},"modified":"2022-04-13T07:53:48","modified_gmt":"2022-04-13T12:53:48","slug":"evalua-empresa-el-hospital-civil-de-oaxaca-para-determinar-proyecto","status":"publish","type":"post","link":"https:\/\/zonaroja.com.mx\/?p=39925","title":{"rendered":"Eval\u00faa empresa el Hospital Civil de Oaxaca para determinar proyecto"},"content":{"rendered":"\n<p>Yuridiana Sosa\/Zona Roja.<\/p>\n\n\n\n<p>Oaxaca de Ju\u00e1rez, Oax., 13 de abril de 2022.- Pese a la inconformidad de la base trabajadora de la Subsecci\u00f3n 07 de la Secci\u00f3n 35 del SNTSA, del Hospital Civil \u201cDr. Aurelio Valdivieso\u201d por el planteamiento de una \u201cmudanza\u201d sin un proyecto s\u00f3lido para intervenir el nosocomio, desde hace casi una semana una empresa eval\u00faa el inmueble.<\/p>\n\n\n\n<p>El secretario de Organizaci\u00f3n de la Subsecci\u00f3n 07, Aristeo Torres L\u00f3pez, indic\u00f3 que desde el jueves pasado ingenieros de una empresa contratada por el Gobierno del Estado realizan una inspecci\u00f3n de todo el complejo para determinar si el inmueble requiere de una sustituci\u00f3n o s\u00f3lo de una rehabilitaci\u00f3n.<\/p>\n\n\n\n<p>Los trabajos, dijo, son a fin de conocer con precisi\u00f3n y a fondo el estado actual de la infraestructura, aunque por a\u00f1os de vida \u00fatil, en condiciones responsables, el hospital con 56 a\u00f1os de antig\u00fcedad ha cumplido y rebasado el periodo vigente para un edificio de este tipo que es de 35 a\u00f1os.<\/p>\n\n\n\n<p>La inspecci\u00f3n comenz\u00f3 sin contratiempos al d\u00eda siguiente que la base trabajadora emiti\u00f3 su postura de rechazo sobre la propuesta expuesta por el Gobernador del Estado, Alejandro Murat, de trasladarse de forma provisional al Hospital de la Mujer y el Ni\u00f1o Oaxaque\u00f1o, como salida r\u00e1pida a supuestos trabajos de mejoras al inmueble.<\/p>\n\n\n\n<p>EXIGEN SALIDA DE SUBDIRECTORES<\/p>\n\n\n\n<p>Desde hace una semana el \u00e1rea de Gobierno del Hospital fue \u201ctomada\u201d por diversas inconformidades, entre las que a\u00fan persiste el nombramiento de nuevos funcionarios del \u00e1rea de subdirecci\u00f3n de Fortalecimiento y subdirecci\u00f3n de Administraci\u00f3n.<\/p>\n\n\n\n<p>El secretario de Organizaci\u00f3n de la subsecci\u00f3n 07, Aristeo Torres L\u00f3pez, indic\u00f3 que el resto de las oficinas del \u00e1rea, entre estas la Direcci\u00f3n que ya se encuentran en funciones normales, as\u00ed como se logr\u00f3 un di\u00e1logo con la directora Eugenia Ruiz D\u00e1vila.<\/p>\n\n\n\n<p>Tanto la base trabajadora como la direcci\u00f3n, dijo, est\u00e1n a la espera de las nuevas designaciones luego que se logr\u00f3 la destituci\u00f3n de Luc\u00eda Mart\u00ednez Cruz y Mari Carmen Guti\u00e9rrez por incapacidad laboral para gestionar los recursos e insumos que necesita el hospital para cubrir la demanda diaria.&nbsp;<\/p>\n","protected":false},"excerpt":{"rendered":"<p>Yuridiana Sosa\/Zona Roja. Oaxaca de Ju\u00e1rez, Oax., 13 de abril de 2022.- Pese a la&hellip;<\/p>\n","protected":false},"author":2,"featured_media":39917,"comment_status":"closed","ping_status":"open","sticky":false,"template":"","format":"standard","meta":{"_lmt_disableupdate":"","_lmt_disable":"","_jetpack_memberships_contains_paid_content":false,"footnotes":""},"categories":[109,47],"tags":[1005],"class_list":["post-39925","post","type-post","status-publish","format-standard","has-post-thumbnail","hentry","category-minuto-a-minuto","category-zona-gris","tag-servicios-de-salud-de-oaxaca-sso"],"jetpack_featured_media_url":"https:\/\/zonaroja.com.mx\/wp-content\/uploads\/2022\/04\/Hospital-Civil-Oaxaca-oficinas-tomadas.jpg","jetpack_sharing_enabled":true,"_links":{"self":[{"href":"https:\/\/zonaroja.com.mx\/index.php?rest_route=\/wp\/v2\/posts\/39925","targetHints":{"allow":["GET"]}}],"collection":[{"href":"https:\/\/zonaroja.com.mx\/index.php?rest_route=\/wp\/v2\/posts"}],"about":[{"href":"https:\/\/zonaroja.com.mx\/index.php?rest_route=\/wp\/v2\/types\/post"}],"author":[{"embeddable":true,"href":"https:\/\/zonaroja.com.mx\/index.php?rest_route=\/wp\/v2\/users\/2"}],"replies":[{"embeddable":true,"href":"https:\/\/zonaroja.com.mx\/index.php?rest_route=%2Fwp%2Fv2%2Fcomments&post=39925"}],"version-history":[{"count":1,"href":"https:\/\/zonaroja.com.mx\/index.php?rest_route=\/wp\/v2\/posts\/39925\/revisions"}],"predecessor-version":[{"id":39926,"href":"https:\/\/zonaroja.com.mx\/index.php?rest_route=\/wp\/v2\/posts\/39925\/revisions\/39926"}],"wp:featuredmedia":[{"embeddable":true,"href":"https:\/\/zonaroja.com.mx\/index.php?rest_route=\/wp\/v2\/media\/39917"}],"wp:attachment":[{"href":"https:\/\/zonaroja.com.mx\/index.php?rest_route=%2Fwp%2Fv2%2Fmedia&parent=39925"}],"wp:term":[{"taxonomy":"category","embeddable":true,"href":"https:\/\/zonaroja.com.mx\/index.php?rest_route=%2Fwp%2Fv2%2Fcategories&post=39925"},{"taxonomy":"post_tag","embeddable":true,"href":"https:\/\/zonaroja.com.mx\/index.php?rest_route=%2Fwp%2Fv2%2Ftags&post=39925"}],"curies":[{"name":"wp","href":"https:\/\/api.w.org\/{rel}","templated":true}]}}